{"id":4245,"date":"2017-02-13T17:44:35","date_gmt":"2017-02-13T16:44:35","guid":{"rendered":"http:\/\/www.ameco.it\/cancellazione-dellalbo-informatico-dei-protesti\/"},"modified":"2017-08-24T17:23:00","modified_gmt":"2017-08-24T15:23:00","slug":"cancellazione-dellalbo-informatico-dei-protesti","status":"publish","type":"post","link":"https:\/\/www.ameco.it\/en\/cancellazione-dellalbo-informatico-dei-protesti\/","title":{"rendered":"Cancellazione dell\u2019albo informatico dei protesti"},"content":{"rendered":"\n<style type=\"text\/css\" data-created_by=\"avia_inline_auto\" id=\"style-css-av-av_heading-ec909cacf363a83ecb3f9d299f90e7f1\">\n#top .av-special-heading.av-av_heading-ec909cacf363a83ecb3f9d299f90e7f1{\npadding-bottom:20px;\nfont-size:34px;\n}\nbody .av-special-heading.av-av_heading-ec909cacf363a83ecb3f9d299f90e7f1 .av-special-heading-tag .heading-char{\nfont-size:25px;\n}\n#top #wrap_all .av-special-heading.av-av_heading-ec909cacf363a83ecb3f9d299f90e7f1 .av-special-heading-tag{\nfont-size:34px;\n}\n.av-special-heading.av-av_heading-ec909cacf363a83ecb3f9d299f90e7f1 .av-subheading{\nfont-size:15px;\n}\n\n@media only screen and (min-width: 480px) and (max-width: 767px){ \n#top #wrap_all .av-special-heading.av-av_heading-ec909cacf363a83ecb3f9d299f90e7f1 .av-special-heading-tag{\nfont-size:0.8em;\n}\n}\n\n@media only screen and (max-width: 479px){ \n#top #wrap_all .av-special-heading.av-av_heading-ec909cacf363a83ecb3f9d299f90e7f1 .av-special-heading-tag{\nfont-size:0.8em;\n}\n}\n<\/style>\n<div  class='av-special-heading av-av_heading-ec909cacf363a83ecb3f9d299f90e7f1 av-special-heading-h1 blockquote modern-quote  avia-builder-el-0  el_before_av_textblock  avia-builder-el-first  av-inherit-size'><h1 class='av-special-heading-tag'  itemprop=\"headline\"  >Cancellazione dell\u2019albo informatico dei protesti<\/h1><div class=\"special-heading-border\"><div class=\"special-heading-inner-border\"><\/div><\/div><\/div>\n<section  class='av_textblock_section av-av_textblock-0366cc7376be6c9e82a3e9cc8987b64f '   itemscope=\"itemscope\" itemtype=\"https:\/\/schema.org\/BlogPosting\" itemprop=\"blogPost\" ><div class='avia_textblock'  itemprop=\"text\" ><p><strong><span class=\"titolonews\">Cancellazione dell&#8217;albo informatico dei protesti<\/span><\/strong><\/p>\n<p><span class=\"testofrasenews\">\u00c8 qualificabile come diritto soggettivo pieno la posizione giuridica del debitore che, provvedendo al pagamento della cambiale o del vaglia cambiario protestati nel rispetto dei tempi e degli adempimenti prescritti dalla disciplina prevista nell\u2019art. 4 della legge n. 77 del 1955 (come sostituito dall\u2019art. 2 della legge n. 235 del 2000), proponga istanza, in sede amministrativa, al responsabile dirigente dell\u2019ufficio protesti della competente Camera di commercio per ottenere la cancellazione del proprio nominativo dal registro informatico dei protesti, con la conseguente attribuzione al giudice ordinario della cognizione sulla successiva opposizione avverso il provvedimento di diniego o l\u2019omessa pronuncia da parte del suddetto responsabile amministrativo, senza che rilevi in senso ostativo il generale divieto per il giudice ordinario di sostituirsi nell\u2019esercizio di un\u2019attivit\u00e0 amministrativa.<br \/>\n<\/span>La legge n. 77 del 1955, come modificata dalla legge n. 235 del 2000, disciplina una di quelle ipotesi eccezionali il cui al giudice ordinario \u00e8 riconosciuta la legittimazione ad attuare la tutela giurisdizionale piena e completa del diritto soggettivo leso dal provvedimento amministrativo, attraverso non soltanto la disapplicazione, ma anche la sua diretta caducazione.<span class=\"testofrasenews\"><br \/>\nNel giudizio di impugnazione dell\u2019atto amministrativo di reiezione dell\u2019istanza dell\u2019interessato da parte del dirigente, ovvero del suo rifiuto a provvedere su di essa, deve escludersi che la cognizione del giudice sia limitata al controllo delle dedotte ragioni di illegittimit\u00e0 del provvedimento impugnato. Ma il giudice \u00e8 tenuto all\u2019accertamento proprio del presupposto cui la norma ha subordinato il diritto alla cancellazione, costituito dall\u2019eseguito pagamento della cambiale o del vaglia cambiario nel termine indicato dalla norma, non potendo ammettere e ritenere sufficiente una prova diversa da quella espressamente prevista dalla legge anche perch\u00e9 la scelta dell\u2019ammissibilit\u00e0 e dei limiti dei singoli mezzi di prova \u00e8 rimessa esclusivamente alla discrezionalit\u00e0 del legislatore.<\/span><\/p>\n<\/div><\/section>\n","protected":false},"excerpt":{"rendered":"","protected":false},"author":2,"featured_media":1827,"comment_status":"closed","ping_status":"closed","sticky":false,"template":"","format":"standard","meta":{"footnotes":""},"categories":[48,43],"tags":[],"class_list":["post-4245","post","type-post","status-publish","format-standard","has-post-thumbnail","hentry","category-diritto-civile-en","category-home-en"],"_links":{"self":[{"href":"https:\/\/www.ameco.it\/en\/wp-json\/wp\/v2\/posts\/4245","targetHints":{"allow":["GET"]}}],"collection":[{"href":"https:\/\/www.ameco.it\/en\/wp-json\/wp\/v2\/posts"}],"about":[{"href":"https:\/\/www.ameco.it\/en\/wp-json\/wp\/v2\/types\/post"}],"author":[{"embeddable":true,"href":"https:\/\/www.ameco.it\/en\/wp-json\/wp\/v2\/users\/2"}],"replies":[{"embeddable":true,"href":"https:\/\/www.ameco.it\/en\/wp-json\/wp\/v2\/comments?post=4245"}],"version-history":[{"count":2,"href":"https:\/\/www.ameco.it\/en\/wp-json\/wp\/v2\/posts\/4245\/revisions"}],"predecessor-version":[{"id":4813,"href":"https:\/\/www.ameco.it\/en\/wp-json\/wp\/v2\/posts\/4245\/revisions\/4813"}],"wp:featuredmedia":[{"embeddable":true,"href":"https:\/\/www.ameco.it\/en\/wp-json\/wp\/v2\/media\/1827"}],"wp:attachment":[{"href":"https:\/\/www.ameco.it\/en\/wp-json\/wp\/v2\/media?parent=4245"}],"wp:term":[{"taxonomy":"category","embeddable":true,"href":"https:\/\/www.ameco.it\/en\/wp-json\/wp\/v2\/categories?post=4245"},{"taxonomy":"post_tag","embeddable":true,"href":"https:\/\/www.ameco.it\/en\/wp-json\/wp\/v2\/tags?post=4245"}],"curies":[{"name":"wp","href":"https:\/\/api.w.org\/{rel}","templated":true}]}}