{"id":4230,"date":"2017-04-20T10:22:54","date_gmt":"2017-04-20T08:22:54","guid":{"rendered":"http:\/\/www.ameco.it\/riforma-processo-penale\/"},"modified":"2017-08-24T17:05:56","modified_gmt":"2017-08-24T15:05:56","slug":"riforma-processo-penale","status":"publish","type":"post","link":"https:\/\/www.ameco.it\/en\/riforma-processo-penale\/","title":{"rendered":"Riforma processo penale"},"content":{"rendered":"\n<style type=\"text\/css\" data-created_by=\"avia_inline_auto\" id=\"style-css-av-av_heading-dc248dca7e7082746374ad113ff9283e\">\n#top .av-special-heading.av-av_heading-dc248dca7e7082746374ad113ff9283e{\npadding-bottom:20px;\nfont-size:34px;\n}\nbody .av-special-heading.av-av_heading-dc248dca7e7082746374ad113ff9283e .av-special-heading-tag .heading-char{\nfont-size:25px;\n}\n#top #wrap_all .av-special-heading.av-av_heading-dc248dca7e7082746374ad113ff9283e .av-special-heading-tag{\nfont-size:34px;\n}\n.av-special-heading.av-av_heading-dc248dca7e7082746374ad113ff9283e .av-subheading{\nfont-size:15px;\n}\n\n@media only screen and (min-width: 480px) and (max-width: 767px){ \n#top #wrap_all .av-special-heading.av-av_heading-dc248dca7e7082746374ad113ff9283e .av-special-heading-tag{\nfont-size:0.8em;\n}\n}\n\n@media only screen and (max-width: 479px){ \n#top #wrap_all .av-special-heading.av-av_heading-dc248dca7e7082746374ad113ff9283e .av-special-heading-tag{\nfont-size:0.8em;\n}\n}\n<\/style>\n<div  class='av-special-heading av-av_heading-dc248dca7e7082746374ad113ff9283e av-special-heading-h1 blockquote modern-quote  avia-builder-el-0  el_before_av_textblock  avia-builder-el-first  av-inherit-size'><h1 class='av-special-heading-tag'  itemprop=\"headline\"  >Riforma processo penale<\/h1><div class=\"special-heading-border\"><div class=\"special-heading-inner-border\"><\/div><\/div><\/div>\n<section  class='av_textblock_section av-av_textblock-0366cc7376be6c9e82a3e9cc8987b64f '   itemscope=\"itemscope\" itemtype=\"https:\/\/schema.org\/BlogPosting\" itemprop=\"blogPost\" ><div class='avia_textblock'  itemprop=\"text\" ><p>\u00c8 stato approvato dal Senato il 15 marzo 2017 il ddl n. 2067, \u201cModifiche al codice penale, al\u00a0 codice\u00a0 di\u00a0 procedura\u00a0 penale\u00a0 e\u00a0 all\u2019ordinamento\u00a0 penitenziario\u201d.<\/p>\n<p>Fra i provvedimenti pi\u00f9 importanti le modifiche in tema di estinzione del reato, aumenti delle pene per alcune tipologie di reato, in tema di indagini e impugnazioni; uno dei punti pi\u00f9 discussi \u00e8, invece quello relativo alla prescrizione.<\/p>\n<p>In breve ecco le principali novit\u00e0:<\/p>\n<p>&#8211; Estinzione del reato per condotte riparatorie:<\/p>\n<p>Nei reati procedibili a querela il giudice potr\u00e0 dichiarare estinto il reato, sentite le parti e la persona offesa, nel caso in cui l&#8217;imputato riparer\u00e0 interamente il danno mediante restituzione o risarcimento, eliminando le conseguenze del reato, prima dell\u2019apertura del dibattimento.<\/p>\n<p>&#8211; Aumenti delle pene edittali in materia di scambio elettorale politico-mafioso, furti aggravati, rapina:<\/p>\n<p>Per il furto in abitazione e lo scippo il minimo della pena detentiva si innalzer\u00e0 da un anno a 3 anni e aumenter\u00e0 anche la pena pecuniaria<\/p>\n<p>Per il reato di rapina si innalzeranno i limiti sia della pena detentiva, dagli attuali 3 a 4 anni nel minimo, sia di quella pecuniaria. Si inasprir\u00e0 il quadro sanzionatorio relativo alle condotte aggravate.<\/p>\n<p>Per quanto riguarda il reato di scambio elettorale politico-mafioso, il disegno di legge prevede la pena della reclusione da 6 a 12 anni.<\/p>\n<p>&#8211; Prescrizione:<\/p>\n<p>La nuova legge ne allunga i termini, al fine di impedire che gli avvocati tentino di raggiungerla allungando notevolmente i tempi processuali.<\/p>\n<p>La modifica di maggiore impatto \u00e8 l\u2019introduzione di\u00a0 una\u00a0 nuova ipotesi\u00a0 di sospensione in corso di processo: dopo la sentenza di condanna di primo grado, vi sar\u00e0\u00a0 una sospensione dei termini della prescrizione: 3 anni in totale tra primo grado, appello e Cassazione concedendo cos\u00ec ai giudizi di impugnazione di disporre di tempi adeguati per il loro svolgimento.<\/p>\n<p>Un importante allungamento \u00e8 previsto per delitti in danno di minori, in forza dello spostamento del <em>dies a quo<\/em>: il termine di prescrizione\u00a0 decorrer\u00e0\u00a0 dal compimento del diciottesimo anno\u00a0 della\u00a0 persona\u00a0 offesa o dall\u2019acquisizione\u00a0 della\u00a0 notizia\u00a0 di\u00a0 reato\u00a0 se\u00a0 l\u2019azione\u00a0 penale\u00a0 \u00e8\u00a0 stata\u00a0 esercitata precedentemente.<\/p>\n<p>&#8211; Indagini:<\/p>\n<p>Viene fissato il termine di 3 mesi (prorogabile di altri 3 mesi) per la decisione del pm di chiedere l&#8217;archiviazione o esercitare l&#8217;azione penale.<\/p>\n<p>Viene aumentato a 20 giorni il termine concesso alla persona offesa per opporsi alla richiesta di archiviazione e chiedere la prosecuzione delle indagini.<\/p>\n<p>Il giudice ha il dovere, nel caso in cui non accolga la richiesta di archiviazione, di fissare entro 3 mesi la data dell&#8217;udienza in camera di consiglio e, dopo questa, di provvedere sulle richieste entro 3 mesi nel caso non ritenga necessarie ulteriori indagini.<\/p>\n<p>&#8211; Tutela dell\u2019immagine:<\/p>\n<p>Viene prevista una nuova fattispecie penale, punita con la reclusione \u00a0fino a \u00a04 anni, nei confronti di chi diffonde il contenuto di riprese audiovisive o registrazioni di conversazioni telefoniche captate fraudolentemente per danneggiare la reputazione di una persona.<\/p>\n<p>&#8211; Ordinamento penitenziario:<\/p>\n<p>La delega prevede la semplificazione di procedure e la revisione di modalit\u00e0 ed accesso alle misure alternative e ai benefici penitenziari quali il lavoro retributivo e il volontariato.<\/p>\n<p>Modifiche rilevanti anche in tema di misure\u00a0 alternative quali la revisione\u00a0 delle modalit\u00e0 e dei presupposti di accesso.<\/p>\n<p>&#8211; Impugnazioni:<\/p>\n<p>Per l&#8217;atto di appello \u00e8 previsto l&#8217;onere della specificit\u00e0 dei motivi, a pena di inammissibilit\u00e0, oltre che quello di indicazione delle prove di cui si deduce l&#8217;inesistenza o l&#8217;omessa o erronea valutazione.<\/p>\n<p>Viene reintrodotto il concordato sui motivi in appello, ossia un accordo sulla rideterminazione della pena con rinuncia agli altri motivi di impugnazione, non possibile per\u00f2 per reati di mafia e terrorismo e per quelli sessuali e in danno di minori.<\/p>\n<\/div><\/section>\n","protected":false},"excerpt":{"rendered":"","protected":false},"author":2,"featured_media":2661,"comment_status":"closed","ping_status":"closed","sticky":false,"template":"","format":"standard","meta":{"footnotes":""},"categories":[43,44],"tags":[],"class_list":["post-4230","post","type-post","status-publish","format-standard","has-post-thumbnail","hentry","category-home-en","category-penale-en"],"_links":{"self":[{"href":"https:\/\/www.ameco.it\/en\/wp-json\/wp\/v2\/posts\/4230","targetHints":{"allow":["GET"]}}],"collection":[{"href":"https:\/\/www.ameco.it\/en\/wp-json\/wp\/v2\/posts"}],"about":[{"href":"https:\/\/www.ameco.it\/en\/wp-json\/wp\/v2\/types\/post"}],"author":[{"embeddable":true,"href":"https:\/\/www.ameco.it\/en\/wp-json\/wp\/v2\/users\/2"}],"replies":[{"embeddable":true,"href":"https:\/\/www.ameco.it\/en\/wp-json\/wp\/v2\/comments?post=4230"}],"version-history":[{"count":2,"href":"https:\/\/www.ameco.it\/en\/wp-json\/wp\/v2\/posts\/4230\/revisions"}],"predecessor-version":[{"id":4794,"href":"https:\/\/www.ameco.it\/en\/wp-json\/wp\/v2\/posts\/4230\/revisions\/4794"}],"wp:featuredmedia":[{"embeddable":true,"href":"https:\/\/www.ameco.it\/en\/wp-json\/wp\/v2\/media\/2661"}],"wp:attachment":[{"href":"https:\/\/www.ameco.it\/en\/wp-json\/wp\/v2\/media?parent=4230"}],"wp:term":[{"taxonomy":"category","embeddable":true,"href":"https:\/\/www.ameco.it\/en\/wp-json\/wp\/v2\/categories?post=4230"},{"taxonomy":"post_tag","embeddable":true,"href":"https:\/\/www.ameco.it\/en\/wp-json\/wp\/v2\/tags?post=4230"}],"curies":[{"name":"wp","href":"https:\/\/api.w.org\/{rel}","templated":true}]}}