{"id":4227,"date":"2017-04-20T10:49:05","date_gmt":"2017-04-20T08:49:05","guid":{"rendered":"http:\/\/www.ameco.it\/risarcimento-del-danno\/"},"modified":"2017-08-24T17:00:14","modified_gmt":"2017-08-24T15:00:14","slug":"risarcimento-del-danno","status":"publish","type":"post","link":"https:\/\/www.ameco.it\/en\/risarcimento-del-danno\/","title":{"rendered":"Risarcimento del danno"},"content":{"rendered":"\n<style type=\"text\/css\" data-created_by=\"avia_inline_auto\" id=\"style-css-av-av_heading-cc3cfcc391e711425372f08f94a8e6a8\">\n#top .av-special-heading.av-av_heading-cc3cfcc391e711425372f08f94a8e6a8{\npadding-bottom:20px;\nfont-size:34px;\n}\nbody .av-special-heading.av-av_heading-cc3cfcc391e711425372f08f94a8e6a8 .av-special-heading-tag .heading-char{\nfont-size:25px;\n}\n#top #wrap_all .av-special-heading.av-av_heading-cc3cfcc391e711425372f08f94a8e6a8 .av-special-heading-tag{\nfont-size:34px;\n}\n.av-special-heading.av-av_heading-cc3cfcc391e711425372f08f94a8e6a8 .av-subheading{\nfont-size:15px;\n}\n\n@media only screen and (min-width: 480px) and (max-width: 767px){ \n#top #wrap_all .av-special-heading.av-av_heading-cc3cfcc391e711425372f08f94a8e6a8 .av-special-heading-tag{\nfont-size:0.8em;\n}\n}\n\n@media only screen and (max-width: 479px){ \n#top #wrap_all .av-special-heading.av-av_heading-cc3cfcc391e711425372f08f94a8e6a8 .av-special-heading-tag{\nfont-size:0.8em;\n}\n}\n<\/style>\n<div  class='av-special-heading av-av_heading-cc3cfcc391e711425372f08f94a8e6a8 av-special-heading-h1 blockquote modern-quote  avia-builder-el-0  el_before_av_textblock  avia-builder-el-first  av-inherit-size'><h1 class='av-special-heading-tag'  itemprop=\"headline\"  >Risarcimento del danno <\/h1><div class=\"special-heading-border\"><div class=\"special-heading-inner-border\"><\/div><\/div><\/div>\n<section  class='av_textblock_section av-av_textblock-0366cc7376be6c9e82a3e9cc8987b64f '   itemscope=\"itemscope\" itemtype=\"https:\/\/schema.org\/BlogPosting\" itemprop=\"blogPost\" ><div class='avia_textblock'  itemprop=\"text\" ><p>Va escluso che l&#8217;organizzazione di uno spettacolo artistico possa, di per s\u00e9 sola, costituire violazione del personale sentimento religioso di un singolo cittadino ed esser sanzionata dall&#8217;ordinamento col riconoscimento di un credito risarcitorio, non solo perch\u00e9 \u00e8, all&#8217;evidenza, insussistente un collegamento oggettivo e diretto tra la prima ed il secondo, ma anche perch\u00e9 non \u00e8 ravvisabile il requisito -costitutivo della responsabilit\u00e0 aquiliana &#8211; del danno ingiusto, e cio\u00e8 inferto in assenza di una causa giustificativa, essendo la programmazione di una manifestazione artistica (a cominciare dall&#8217;invito a partecipare inoltrato agli artisti) espressione, appunto, di una libert\u00e0 garantita dalla Carta costituzionale.<\/p>\n<\/div><\/section>\n","protected":false},"excerpt":{"rendered":"","protected":false},"author":2,"featured_media":2680,"comment_status":"closed","ping_status":"closed","sticky":false,"template":"","format":"standard","meta":{"footnotes":""},"categories":[48,43],"tags":[],"class_list":["post-4227","post","type-post","status-publish","format-standard","has-post-thumbnail","hentry","category-diritto-civile-en","category-home-en"],"_links":{"self":[{"href":"https:\/\/www.ameco.it\/en\/wp-json\/wp\/v2\/posts\/4227","targetHints":{"allow":["GET"]}}],"collection":[{"href":"https:\/\/www.ameco.it\/en\/wp-json\/wp\/v2\/posts"}],"about":[{"href":"https:\/\/www.ameco.it\/en\/wp-json\/wp\/v2\/types\/post"}],"author":[{"embeddable":true,"href":"https:\/\/www.ameco.it\/en\/wp-json\/wp\/v2\/users\/2"}],"replies":[{"embeddable":true,"href":"https:\/\/www.ameco.it\/en\/wp-json\/wp\/v2\/comments?post=4227"}],"version-history":[{"count":2,"href":"https:\/\/www.ameco.it\/en\/wp-json\/wp\/v2\/posts\/4227\/revisions"}],"predecessor-version":[{"id":4785,"href":"https:\/\/www.ameco.it\/en\/wp-json\/wp\/v2\/posts\/4227\/revisions\/4785"}],"wp:featuredmedia":[{"embeddable":true,"href":"https:\/\/www.ameco.it\/en\/wp-json\/wp\/v2\/media\/2680"}],"wp:attachment":[{"href":"https:\/\/www.ameco.it\/en\/wp-json\/wp\/v2\/media?parent=4227"}],"wp:term":[{"taxonomy":"category","embeddable":true,"href":"https:\/\/www.ameco.it\/en\/wp-json\/wp\/v2\/categories?post=4227"},{"taxonomy":"post_tag","embeddable":true,"href":"https:\/\/www.ameco.it\/en\/wp-json\/wp\/v2\/tags?post=4227"}],"curies":[{"name":"wp","href":"https:\/\/api.w.org\/{rel}","templated":true}]}}