{"id":4226,"date":"2017-04-20T10:54:37","date_gmt":"2017-04-20T08:54:37","guid":{"rendered":"http:\/\/www.ameco.it\/alimenti-aiuti-per-vivere-ai-parenti-bisognosi\/"},"modified":"2017-08-24T16:59:24","modified_gmt":"2017-08-24T14:59:24","slug":"alimenti-aiuti-per-vivere-ai-parenti-bisognosi","status":"publish","type":"post","link":"https:\/\/www.ameco.it\/en\/alimenti-aiuti-per-vivere-ai-parenti-bisognosi\/","title":{"rendered":"Alimenti (aiuti per vivere ai parenti bisognosi)"},"content":{"rendered":"\n<style type=\"text\/css\" data-created_by=\"avia_inline_auto\" id=\"style-css-av-av_heading-e2c5938679398a6b2f58844a4612b22f\">\n#top .av-special-heading.av-av_heading-e2c5938679398a6b2f58844a4612b22f{\npadding-bottom:20px;\nfont-size:34px;\n}\nbody .av-special-heading.av-av_heading-e2c5938679398a6b2f58844a4612b22f .av-special-heading-tag .heading-char{\nfont-size:25px;\n}\n#top #wrap_all .av-special-heading.av-av_heading-e2c5938679398a6b2f58844a4612b22f .av-special-heading-tag{\nfont-size:34px;\n}\n.av-special-heading.av-av_heading-e2c5938679398a6b2f58844a4612b22f .av-subheading{\nfont-size:15px;\n}\n\n@media only screen and (min-width: 480px) and (max-width: 767px){ \n#top #wrap_all .av-special-heading.av-av_heading-e2c5938679398a6b2f58844a4612b22f .av-special-heading-tag{\nfont-size:0.8em;\n}\n}\n\n@media only screen and (max-width: 479px){ \n#top #wrap_all .av-special-heading.av-av_heading-e2c5938679398a6b2f58844a4612b22f .av-special-heading-tag{\nfont-size:0.8em;\n}\n}\n<\/style>\n<div  class='av-special-heading av-av_heading-e2c5938679398a6b2f58844a4612b22f av-special-heading-h1 blockquote modern-quote  avia-builder-el-0  el_before_av_textblock  avia-builder-el-first  av-inherit-size'><h1 class='av-special-heading-tag'  itemprop=\"headline\"  >Alimenti (aiuti per vivere ai parenti bisognosi)<\/h1><div class=\"special-heading-border\"><div class=\"special-heading-inner-border\"><\/div><\/div><\/div>\n<section  class='av_textblock_section av-av_textblock-0366cc7376be6c9e82a3e9cc8987b64f '   itemscope=\"itemscope\" itemtype=\"https:\/\/schema.org\/BlogPosting\" itemprop=\"blogPost\" ><div class='avia_textblock'  itemprop=\"text\" ><p>La funzione dell&#8217;obbligazione alimentare viene usualmente individuata nella tutela delle persone che si trovano in stato di bisogno, vale a dire che sono incapaci di provvedere alle proprie necessit\u00e0; in questo senso l&#8217;obbligo alimentare \u00e8 sicuramente funzionale alla tutela del diritto alla vita.<\/p>\n<p>La tutela dell&#8217;individuo che si trova in stato di bisogno \u00e8 imposta dalla legge ad una cerchia di soggetti determinati, che sono potenzialmente tenuti ad adempiere all&#8217;obbligo alimentare. Poich\u00e9 sarebbe impensabile che un obbligo di tal genere fosse addossato a chiunque, le disposizioni contenute negli artt. 433, 434, 436 e 437 indicano quindi opportunamente i potenziali debitori dell&#8217;obbligo alimentare. Questi soggetti sono scelti in virt\u00f9 di un particolare legame che li unisce alla persona bisognosa: coniugio, parentela, affinit\u00e0, donazione. L&#8217;elencazione contenuta nella norma in commento \u00e8 tassativa e progressiva, nel senso che il primo soggetto in grado di adempiere esclude gli altri. L&#8217;ordine risulta dall&#8217;intensit\u00e0 decrescente del vincolo di parentela o di affinit\u00e0.<\/p>\n<p>Si precisa che la <em>ratio<\/em> dell\u2019obbligo di mantenimento risiede proprio nell\u2019incapacit\u00e0 per il soggetto bisogno di provvedere a se stesso.\u00a0 Di recente la Corte di Cassazione ha provveduto ad estendere tale concetto con la possibilit\u00e0 dell\u2019alimentando di trovare un\u2019occupazione. Di seguito la massima:<\/p>\n<p>\u201c<em>Il diritto agli alimenti previsto dall&#8217;art. 433 c.c. \u00e8 legato alla prova dello stato di bisogno e dell&#8217;impossibilit\u00e0 da parte dell&#8217;alimentando di provvedere in tutto o in parte al proprio sostentamento mediante l&#8217;esplicazione di attivit\u00e0 lavorativa: se questi \u00e8 in grado di trovare un&#8217;occupazione confacente alle proprie attitudini ed alle proprie condizioni sociali, nulla pu\u00f2 pretendere dal coniuge<\/em>.\u201d<\/p>\n<\/div><\/section>\n","protected":false},"excerpt":{"rendered":"","protected":false},"author":2,"featured_media":2684,"comment_status":"closed","ping_status":"closed","sticky":false,"template":"","format":"standard","meta":{"footnotes":""},"categories":[49,43],"tags":[],"class_list":["post-4226","post","type-post","status-publish","format-standard","has-post-thumbnail","hentry","category-diritto-di-famiglia-en","category-home-en"],"_links":{"self":[{"href":"https:\/\/www.ameco.it\/en\/wp-json\/wp\/v2\/posts\/4226","targetHints":{"allow":["GET"]}}],"collection":[{"href":"https:\/\/www.ameco.it\/en\/wp-json\/wp\/v2\/posts"}],"about":[{"href":"https:\/\/www.ameco.it\/en\/wp-json\/wp\/v2\/types\/post"}],"author":[{"embeddable":true,"href":"https:\/\/www.ameco.it\/en\/wp-json\/wp\/v2\/users\/2"}],"replies":[{"embeddable":true,"href":"https:\/\/www.ameco.it\/en\/wp-json\/wp\/v2\/comments?post=4226"}],"version-history":[{"count":2,"href":"https:\/\/www.ameco.it\/en\/wp-json\/wp\/v2\/posts\/4226\/revisions"}],"predecessor-version":[{"id":4780,"href":"https:\/\/www.ameco.it\/en\/wp-json\/wp\/v2\/posts\/4226\/revisions\/4780"}],"wp:featuredmedia":[{"embeddable":true,"href":"https:\/\/www.ameco.it\/en\/wp-json\/wp\/v2\/media\/2684"}],"wp:attachment":[{"href":"https:\/\/www.ameco.it\/en\/wp-json\/wp\/v2\/media?parent=4226"}],"wp:term":[{"taxonomy":"category","embeddable":true,"href":"https:\/\/www.ameco.it\/en\/wp-json\/wp\/v2\/categories?post=4226"},{"taxonomy":"post_tag","embeddable":true,"href":"https:\/\/www.ameco.it\/en\/wp-json\/wp\/v2\/tags?post=4226"}],"curies":[{"name":"wp","href":"https:\/\/api.w.org\/{rel}","templated":true}]}}