{"id":4221,"date":"2017-04-20T12:33:17","date_gmt":"2017-04-20T10:33:17","guid":{"rendered":"http:\/\/www.ameco.it\/omessa-notifica-allimputato-dellavviso-di-fissazione-delludienza-preliminare\/"},"modified":"2017-08-24T16:53:25","modified_gmt":"2017-08-24T14:53:25","slug":"omessa-notifica-allimputato-dellavviso-di-fissazione-delludienza-preliminare","status":"publish","type":"post","link":"https:\/\/www.ameco.it\/en\/omessa-notifica-allimputato-dellavviso-di-fissazione-delludienza-preliminare\/","title":{"rendered":"Omessa notifica all\u2019imputato dell\u2019avviso di fissazione dell\u2019udienza preliminare."},"content":{"rendered":"\n<style type=\"text\/css\" data-created_by=\"avia_inline_auto\" id=\"style-css-av-av_heading-6d2f8841a3a37236beabe473127a23ae\">\n#top .av-special-heading.av-av_heading-6d2f8841a3a37236beabe473127a23ae{\npadding-bottom:20px;\nfont-size:34px;\n}\nbody .av-special-heading.av-av_heading-6d2f8841a3a37236beabe473127a23ae .av-special-heading-tag .heading-char{\nfont-size:25px;\n}\n#top #wrap_all .av-special-heading.av-av_heading-6d2f8841a3a37236beabe473127a23ae .av-special-heading-tag{\nfont-size:34px;\n}\n.av-special-heading.av-av_heading-6d2f8841a3a37236beabe473127a23ae .av-subheading{\nfont-size:15px;\n}\n\n@media only screen and (min-width: 480px) and (max-width: 767px){ \n#top #wrap_all .av-special-heading.av-av_heading-6d2f8841a3a37236beabe473127a23ae .av-special-heading-tag{\nfont-size:0.8em;\n}\n}\n\n@media only screen and (max-width: 479px){ \n#top #wrap_all .av-special-heading.av-av_heading-6d2f8841a3a37236beabe473127a23ae .av-special-heading-tag{\nfont-size:0.8em;\n}\n}\n<\/style>\n<div  class='av-special-heading av-av_heading-6d2f8841a3a37236beabe473127a23ae av-special-heading-h1 blockquote modern-quote  avia-builder-el-0  el_before_av_textblock  avia-builder-el-first  av-inherit-size'><h1 class='av-special-heading-tag'  itemprop=\"headline\"  > Omessa notifica all\u2019imputato dell\u2019avviso di fissazione dell\u2019udienza preliminare.<\/h1><div class=\"special-heading-border\"><div class=\"special-heading-inner-border\"><\/div><\/div><\/div>\n<section  class='av_textblock_section av-av_textblock-0366cc7376be6c9e82a3e9cc8987b64f '   itemscope=\"itemscope\" itemtype=\"https:\/\/schema.org\/BlogPosting\" itemprop=\"blogPost\" ><div class='avia_textblock'  itemprop=\"text\" ><p>Le Sezioni Unite Penali, con la sentenza del 17 febbraio 2017, n. 7697, si pronunciano sulla questione della nullit\u00e0 derivante dall\u2019omessa notifica all\u2019imputato dell\u2019avviso di fissazione dell\u2019udienza preliminare.<\/p>\n<p>Il quesito posto al vaglio della Suprema Corte riguarda la natura della nullit\u00e0 derivante da tale mancata notifica; nello specifico le Sezioni Unite si interrogano sulla configurabilit\u00e0 o meno di una nullit\u00e0 assoluta, insanabile e rilevabile d\u2019ufficio in ogni stato e grado del procedimento.<\/p>\n<p>La Corte di Cassazione rileva che sulla questione si sono formati due distinti orientamenti giurisprudenziali: secondo il primo orientamento l\u2019omessa notifica integrerebbe una nullit\u00e0 assoluta ed insanabile ex art. 179 c.p.p. in considerazione del fatto che la notificazione \u00e8 strumentale alla conoscenza della citazione a giudizio; per il secondo filone giurisprudenziale,\u00a0 invece, si tratterebbe\u00a0 di una nullit\u00e0 a regime intermedio ex art. 180 c.p.p..<\/p>\n<p>Le Sezioni Unite, avallando il primo orientamento, approfondiscono un\u2019altra questione, considerando, piuttosto, se dalla mancata notifica all&#8217;imputato possa derivare un effettivo pregiudizio per il medesimo. (c.d. criterio di pregiudizio effettivo).<\/p>\n<p>rileva la Cassazione come sia la dottrina che la giurisprudenza hanno elaborato, nella decisione delle questioni di invalidit\u00e0 degli atti procedimentali, il criterio del \u201cpregiudizio effettivo\u201d. Per valutare se un errore in procedendo si sia effettivamente consumato, si ricorre all\u2019applicazione del principio di offensivit\u00e0 processuale, secondo il quale la nullit\u00e0 sussiste se la violazione ha effettivamente compromesso le garanzie che l\u2019ipotesi di invalidit\u00e0 era destinata a presidiare.<\/p>\n<p>Ci\u00f2 premesso, nella fattispecie gli ermellini ritengono che l&#8217;omessa notifica abbia effettivamente inciso sulla validit\u00e0 della <em>vocatio in iudicium<\/em>, posto che l&#8217;atto venne notificato ad un soggetto erroneamente indicato quale madre dell&#8217;imputato, non convivente ed ad un indirizzo diverso da quello di residenza e domicilio dell&#8217;imputato il quale, tra l&#8217;altro, non era presente all&#8217;udienza e non aveva fornito alcuna manifestazione di attiva partecipazione da cui desumere la effettiva conoscenza dell&#8217;atto.<\/p>\n<p>La Corte di legittimit\u00e0, pertanto. ha statuito che la nullit\u00e0 della notificazione del decreto di citazione a giudizio dell\u2019imputato, qualora incida direttamente sulla <em>vocatio in iudicium<\/em>, e quindi sulla regolare instaurazione del contraddittorio, deve essere equiparata all\u2019omessa citazione dell\u2019imputato medesimo, in quanto impedisce a quest\u2019ultimo di conoscerne il contenuto e di apprestare la propria difesa, ed \u00e8, pertanto, assoluta e insanabile.<\/p>\n<\/div><\/section>\n","protected":false},"excerpt":{"rendered":"","protected":false},"author":2,"featured_media":2714,"comment_status":"closed","ping_status":"closed","sticky":false,"template":"","format":"standard","meta":{"footnotes":""},"categories":[43,44],"tags":[],"class_list":["post-4221","post","type-post","status-publish","format-standard","has-post-thumbnail","hentry","category-home-en","category-penale-en"],"_links":{"self":[{"href":"https:\/\/www.ameco.it\/en\/wp-json\/wp\/v2\/posts\/4221","targetHints":{"allow":["GET"]}}],"collection":[{"href":"https:\/\/www.ameco.it\/en\/wp-json\/wp\/v2\/posts"}],"about":[{"href":"https:\/\/www.ameco.it\/en\/wp-json\/wp\/v2\/types\/post"}],"author":[{"embeddable":true,"href":"https:\/\/www.ameco.it\/en\/wp-json\/wp\/v2\/users\/2"}],"replies":[{"embeddable":true,"href":"https:\/\/www.ameco.it\/en\/wp-json\/wp\/v2\/comments?post=4221"}],"version-history":[{"count":2,"href":"https:\/\/www.ameco.it\/en\/wp-json\/wp\/v2\/posts\/4221\/revisions"}],"predecessor-version":[{"id":4766,"href":"https:\/\/www.ameco.it\/en\/wp-json\/wp\/v2\/posts\/4221\/revisions\/4766"}],"wp:featuredmedia":[{"embeddable":true,"href":"https:\/\/www.ameco.it\/en\/wp-json\/wp\/v2\/media\/2714"}],"wp:attachment":[{"href":"https:\/\/www.ameco.it\/en\/wp-json\/wp\/v2\/media?parent=4221"}],"wp:term":[{"taxonomy":"category","embeddable":true,"href":"https:\/\/www.ameco.it\/en\/wp-json\/wp\/v2\/categories?post=4221"},{"taxonomy":"post_tag","embeddable":true,"href":"https:\/\/www.ameco.it\/en\/wp-json\/wp\/v2\/tags?post=4221"}],"curies":[{"name":"wp","href":"https:\/\/api.w.org\/{rel}","templated":true}]}}