{"id":4220,"date":"2017-04-21T09:47:32","date_gmt":"2017-04-21T07:47:32","guid":{"rendered":"http:\/\/www.ameco.it\/la-prescrizione-breve-delle-cartelle-esattoriali\/"},"modified":"2017-08-24T16:52:15","modified_gmt":"2017-08-24T14:52:15","slug":"la-prescrizione-breve-delle-cartelle-esattoriali","status":"publish","type":"post","link":"https:\/\/www.ameco.it\/en\/la-prescrizione-breve-delle-cartelle-esattoriali\/","title":{"rendered":"LA PRESCRIZIONE BREVE DELLE CARTELLE ESATTORIALI"},"content":{"rendered":"\n<style type=\"text\/css\" data-created_by=\"avia_inline_auto\" id=\"style-css-av-av_heading-2264351374eaf995b9a6b6d60e4e53d1\">\n#top .av-special-heading.av-av_heading-2264351374eaf995b9a6b6d60e4e53d1{\npadding-bottom:20px;\nfont-size:34px;\n}\nbody .av-special-heading.av-av_heading-2264351374eaf995b9a6b6d60e4e53d1 .av-special-heading-tag .heading-char{\nfont-size:25px;\n}\n#top #wrap_all .av-special-heading.av-av_heading-2264351374eaf995b9a6b6d60e4e53d1 .av-special-heading-tag{\nfont-size:34px;\n}\n.av-special-heading.av-av_heading-2264351374eaf995b9a6b6d60e4e53d1 .av-subheading{\nfont-size:15px;\n}\n\n@media only screen and (min-width: 480px) and (max-width: 767px){ \n#top #wrap_all .av-special-heading.av-av_heading-2264351374eaf995b9a6b6d60e4e53d1 .av-special-heading-tag{\nfont-size:0.8em;\n}\n}\n\n@media only screen and (max-width: 479px){ \n#top #wrap_all .av-special-heading.av-av_heading-2264351374eaf995b9a6b6d60e4e53d1 .av-special-heading-tag{\nfont-size:0.8em;\n}\n}\n<\/style>\n<div  class='av-special-heading av-av_heading-2264351374eaf995b9a6b6d60e4e53d1 av-special-heading-h1 blockquote modern-quote  avia-builder-el-0  el_before_av_textblock  avia-builder-el-first  av-inherit-size'><h1 class='av-special-heading-tag'  itemprop=\"headline\"  >LA PRESCRIZIONE BREVE DELLE CARTELLE ESATTORIALI<\/h1><div class=\"special-heading-border\"><div class=\"special-heading-inner-border\"><\/div><\/div><\/div>\n<section  class='av_textblock_section av-av_textblock-0366cc7376be6c9e82a3e9cc8987b64f '   itemscope=\"itemscope\" itemtype=\"https:\/\/schema.org\/BlogPosting\" itemprop=\"blogPost\" ><div class='avia_textblock'  itemprop=\"text\" ><p>Con la sentenza n. 23397 del 17.11.2016, la Corte di Cassazione a Sezioni Unite ha definitivamente stabilito che le pretese della Pubblica Amministrazione (Agenzia delle Entrate, Inps, Inail, Comuni, Regioni etc.) si prescrivono nel termine di cinque anni (breve), eccetto nei casi in cui la sussistenza del credito non sia stata accertata con sentenza passata in giudicato o a mezzo di decreto ingiuntivo.<\/p>\n<p>Le\u00a0<strong>Sezioni Unite<\/strong>\u00a0si sono pronunciate sull\u2019<strong>interpretazione<\/strong>\u00a0che deve essere data all\u2019<strong>art. 2953 c.c.<\/strong>\u00a0disciplinante la conversione del termine di prescrizione breve in quello decennale, in modo da capire se tale norma possa essere applicata anche a quei casi la cui\u00a0<strong>definitivit\u00e0 dell\u2019accertamento del credito, derivi da un atto diverso rispetto ad una sentenza di condanna passata in giudicato.<\/strong><\/p>\n<p>La Corte ha ritenuto che la\u00a0<strong>mancata impugnazione della cartella di Equitalia<\/strong>\u00a0non \u00e8 sufficiente per consentire la trasformazione del termine di prescrizione, da breve a\u00a0decennale, questo perch\u00e9 la cartella \u00e8 un atto amministrativo che non pu\u00f2 acquisire efficacia di giudicato.<\/p>\n<p><strong>La cartella di Equitalia non pu\u00f2 essere paragonata ad un provvedimento giudiziale definitivo<\/strong>\u00a0pertanto, l\u2019art. 2953 c.c., non pu\u00f2 essere applicato. Invece, tale conversione produce effetti\u00a0nei casi di\u00a0<strong>definitivit\u00e0 di sentenze, di decreti ingiuntivi o di sentenze o decreti penali di condanna<\/strong>.<\/p>\n<p>Dunque la mancata impugnazione di un avviso di accertamento della Pubblica Amministrazione o di un provvedimento esattoriale dell\u2019Ente della Riscossione produce unicamente la definitivit\u00e0 del credito statale (non pi\u00f9 confutabile in futuro, eccetto le ipotesi di vizio di notifica dell\u2019atto originario) e\u00a0 tale circostanza non determina \u201c<em>anche l\u2019effetto della c.d. conversione del termine di prescrizione breve<\/em>\u00a0..\u00a0<em>in quello ordinario decennale, ai sensi dell\u2019<\/em><a href=\"http:\/\/www.altalex.com\/documents\/news\/2014\/02\/19\/della-prescrizione-e-della-decadenza#art2953\"><em>art. 2953 c.c.<\/em><\/a>\u201d.<\/p>\n<p>La trasformazione da prescrizione quinquennale in decennale si perfeziona soltanto con l\u2019intervento del \u201c<em>titolo giudiziale divenuto definitivo<\/em>\u201d (sentenza o decreto ingiuntivo).<\/p>\n<p>Si ricorda che per poter applicare l\u2019istituto della\u00a0<strong>prescrizione<\/strong>, occorre che\u00a0<strong>dalla data di notifica della cartella non sia intervenuto alcun atto interruttivo<\/strong>, altrimenti il termine si interromper\u00e0 per ricominciare a decorrere dall\u2019inizio.<\/p>\n<\/div><\/section>\n","protected":false},"excerpt":{"rendered":"","protected":false},"author":2,"featured_media":2738,"comment_status":"closed","ping_status":"closed","sticky":false,"template":"","format":"standard","meta":{"footnotes":""},"categories":[43,50],"tags":[],"class_list":["post-4220","post","type-post","status-publish","format-standard","has-post-thumbnail","hentry","category-home-en","category-tributario-e-fiscale-en"],"_links":{"self":[{"href":"https:\/\/www.ameco.it\/en\/wp-json\/wp\/v2\/posts\/4220","targetHints":{"allow":["GET"]}}],"collection":[{"href":"https:\/\/www.ameco.it\/en\/wp-json\/wp\/v2\/posts"}],"about":[{"href":"https:\/\/www.ameco.it\/en\/wp-json\/wp\/v2\/types\/post"}],"author":[{"embeddable":true,"href":"https:\/\/www.ameco.it\/en\/wp-json\/wp\/v2\/users\/2"}],"replies":[{"embeddable":true,"href":"https:\/\/www.ameco.it\/en\/wp-json\/wp\/v2\/comments?post=4220"}],"version-history":[{"count":2,"href":"https:\/\/www.ameco.it\/en\/wp-json\/wp\/v2\/posts\/4220\/revisions"}],"predecessor-version":[{"id":4763,"href":"https:\/\/www.ameco.it\/en\/wp-json\/wp\/v2\/posts\/4220\/revisions\/4763"}],"wp:featuredmedia":[{"embeddable":true,"href":"https:\/\/www.ameco.it\/en\/wp-json\/wp\/v2\/media\/2738"}],"wp:attachment":[{"href":"https:\/\/www.ameco.it\/en\/wp-json\/wp\/v2\/media?parent=4220"}],"wp:term":[{"taxonomy":"category","embeddable":true,"href":"https:\/\/www.ameco.it\/en\/wp-json\/wp\/v2\/categories?post=4220"},{"taxonomy":"post_tag","embeddable":true,"href":"https:\/\/www.ameco.it\/en\/wp-json\/wp\/v2\/tags?post=4220"}],"curies":[{"name":"wp","href":"https:\/\/api.w.org\/{rel}","templated":true}]}}