{"id":4204,"date":"2017-05-03T17:51:15","date_gmt":"2017-05-03T15:51:15","guid":{"rendered":"http:\/\/www.ameco.it\/quando-lossesione-del-condividere-si-scontra-con-la-tutela-della-privacy-dei-minori\/"},"modified":"2017-08-24T16:21:44","modified_gmt":"2017-08-24T14:21:44","slug":"quando-lossesione-del-condividere-si-scontra-con-la-tutela-della-privacy-dei-minori","status":"publish","type":"post","link":"https:\/\/www.ameco.it\/en\/quando-lossesione-del-condividere-si-scontra-con-la-tutela-della-privacy-dei-minori\/","title":{"rendered":"Quando l&#8217;ossesione del \u201ccondividere\u201d si scontra con la tutela della privacy dei minori"},"content":{"rendered":"\n<style type=\"text\/css\" data-created_by=\"avia_inline_auto\" id=\"style-css-av-av_heading-c45f0bd6b601a9c47deedf9ab7c77115\">\n#top .av-special-heading.av-av_heading-c45f0bd6b601a9c47deedf9ab7c77115{\npadding-bottom:20px;\nfont-size:34px;\n}\nbody .av-special-heading.av-av_heading-c45f0bd6b601a9c47deedf9ab7c77115 .av-special-heading-tag .heading-char{\nfont-size:25px;\n}\n#top #wrap_all .av-special-heading.av-av_heading-c45f0bd6b601a9c47deedf9ab7c77115 .av-special-heading-tag{\nfont-size:34px;\n}\n.av-special-heading.av-av_heading-c45f0bd6b601a9c47deedf9ab7c77115 .av-subheading{\nfont-size:15px;\n}\n\n@media only screen and (min-width: 480px) and (max-width: 767px){ \n#top #wrap_all .av-special-heading.av-av_heading-c45f0bd6b601a9c47deedf9ab7c77115 .av-special-heading-tag{\nfont-size:0.8em;\n}\n}\n\n@media only screen and (max-width: 479px){ \n#top #wrap_all .av-special-heading.av-av_heading-c45f0bd6b601a9c47deedf9ab7c77115 .av-special-heading-tag{\nfont-size:0.8em;\n}\n}\n<\/style>\n<div  class='av-special-heading av-av_heading-c45f0bd6b601a9c47deedf9ab7c77115 av-special-heading-h1 blockquote modern-quote  avia-builder-el-0  el_before_av_textblock  avia-builder-el-first  av-inherit-size'><h1 class='av-special-heading-tag'  itemprop=\"headline\"  >Quando l\u2019ossesione del <span class='special_amp'>\u201c<\/span>condividere<span class='special_amp'>\u201d<\/span> si scontra con la tutela della privacy dei minori<\/h1><div class=\"special-heading-border\"><div class=\"special-heading-inner-border\"><\/div><\/div><\/div>\n<section  class='av_textblock_section av-av_textblock-0366cc7376be6c9e82a3e9cc8987b64f '   itemscope=\"itemscope\" itemtype=\"https:\/\/schema.org\/BlogPosting\" itemprop=\"blogPost\" ><div class='avia_textblock'  itemprop=\"text\" ><p>Il caso: Un padre denuncia al Garante per la privacy la moglie per la lesione del diritto di riservatezza della figlia a seguito di pubblicazioni di sentenze inerenti il divorzio dei coniugi. La madre, pubblicando su facebook tali sentenze, ha rivelato i dettagli relativi alla vita familiare e, quindi anche quelli della minore.<\/p>\n<p>\u201c (..)RILEVATO che le sentenze cui fa riferimento il segnalante (in atti), consentono di rendere identificabile la minore nella cerchia di persone che condividono le informazioni rese disponibili dalla madre sul proprio profilo (a tacere del fatto che i dati identificativi della minore solo parzialmente risultano rimossi) e contengono dettagli delicati (anche inerenti alla sfera sessuale) relativi al vissuto familiare e a disagi personali della bambina;<\/p>\n<p>(\u2026) CONSIDERATO che non pu\u00f2 essere provata la natura chiusa del profilo e la sua accessibilit\u00e0 a un numero ristretto di &#8220;amici&#8221;, in ragione del fatto che esso \u00e8 agevolmente modificabile, da &#8220;chiuso&#8221; ad &#8220;aperto&#8221; in ogni momento da parte del titolare, nonch\u00e9 della possibilit\u00e0 per qualunque &#8220;amico&#8221; ammesso al profilo stesso di condividere sulla propria pagina il post rendendolo, conseguentemente, visibile ad altri utenti (potenzialmente tutti gli utenti di Facebook)<\/p>\n<p>(\u2026)TUTTO CI\u00d2 PREMESSO IL GARANTE<\/p>\n<p>ai sensi degli artt. 143, comma 1 e 154, comma 1, lettera c) del Codice prescrive alla signora KW la rimozione, dal proprio profilo Facebook, delle suddette sentenze.<\/p>\n<\/div><\/section>\n","protected":false},"excerpt":{"rendered":"","protected":false},"author":2,"featured_media":3115,"comment_status":"closed","ping_status":"closed","sticky":false,"template":"","format":"standard","meta":{"footnotes":""},"categories":[48,43],"tags":[],"class_list":["post-4204","post","type-post","status-publish","format-standard","has-post-thumbnail","hentry","category-diritto-civile-en","category-home-en"],"_links":{"self":[{"href":"https:\/\/www.ameco.it\/en\/wp-json\/wp\/v2\/posts\/4204","targetHints":{"allow":["GET"]}}],"collection":[{"href":"https:\/\/www.ameco.it\/en\/wp-json\/wp\/v2\/posts"}],"about":[{"href":"https:\/\/www.ameco.it\/en\/wp-json\/wp\/v2\/types\/post"}],"author":[{"embeddable":true,"href":"https:\/\/www.ameco.it\/en\/wp-json\/wp\/v2\/users\/2"}],"replies":[{"embeddable":true,"href":"https:\/\/www.ameco.it\/en\/wp-json\/wp\/v2\/comments?post=4204"}],"version-history":[{"count":2,"href":"https:\/\/www.ameco.it\/en\/wp-json\/wp\/v2\/posts\/4204\/revisions"}],"predecessor-version":[{"id":4717,"href":"https:\/\/www.ameco.it\/en\/wp-json\/wp\/v2\/posts\/4204\/revisions\/4717"}],"wp:featuredmedia":[{"embeddable":true,"href":"https:\/\/www.ameco.it\/en\/wp-json\/wp\/v2\/media\/3115"}],"wp:attachment":[{"href":"https:\/\/www.ameco.it\/en\/wp-json\/wp\/v2\/media?parent=4204"}],"wp:term":[{"taxonomy":"category","embeddable":true,"href":"https:\/\/www.ameco.it\/en\/wp-json\/wp\/v2\/categories?post=4204"},{"taxonomy":"post_tag","embeddable":true,"href":"https:\/\/www.ameco.it\/en\/wp-json\/wp\/v2\/tags?post=4204"}],"curies":[{"name":"wp","href":"https:\/\/api.w.org\/{rel}","templated":true}]}}