{"id":4203,"date":"2017-05-04T09:39:49","date_gmt":"2017-05-04T07:39:49","guid":{"rendered":"http:\/\/www.ameco.it\/vaccini-e-obbligatorio-per-accedere-ai-servizi-educativi-comunali-ecco-cosa-ne-pensa-il-consiglio-di-stato\/"},"modified":"2017-08-24T16:20:11","modified_gmt":"2017-08-24T14:20:11","slug":"vaccini-e-obbligatorio-per-accedere-ai-servizi-educativi-comunali-ecco-cosa-ne-pensa-il-consiglio-di-stato","status":"publish","type":"post","link":"https:\/\/www.ameco.it\/en\/vaccini-e-obbligatorio-per-accedere-ai-servizi-educativi-comunali-ecco-cosa-ne-pensa-il-consiglio-di-stato\/","title":{"rendered":"Vaccini: \u00e8 obbligatorio per accedere ai servizi educativi comunali? Ecco cosa ne pensa il consiglio di stato"},"content":{"rendered":"\n<style type=\"text\/css\" data-created_by=\"avia_inline_auto\" id=\"style-css-av-av_heading-e8bb9ebec2b9602b90dbbabeaf28c994\">\n#top .av-special-heading.av-av_heading-e8bb9ebec2b9602b90dbbabeaf28c994{\npadding-bottom:20px;\nfont-size:34px;\n}\nbody .av-special-heading.av-av_heading-e8bb9ebec2b9602b90dbbabeaf28c994 .av-special-heading-tag .heading-char{\nfont-size:25px;\n}\n#top #wrap_all .av-special-heading.av-av_heading-e8bb9ebec2b9602b90dbbabeaf28c994 .av-special-heading-tag{\nfont-size:34px;\n}\n.av-special-heading.av-av_heading-e8bb9ebec2b9602b90dbbabeaf28c994 .av-subheading{\nfont-size:15px;\n}\n\n@media only screen and (min-width: 480px) and (max-width: 767px){ \n#top #wrap_all .av-special-heading.av-av_heading-e8bb9ebec2b9602b90dbbabeaf28c994 .av-special-heading-tag{\nfont-size:0.8em;\n}\n}\n\n@media only screen and (max-width: 479px){ \n#top #wrap_all .av-special-heading.av-av_heading-e8bb9ebec2b9602b90dbbabeaf28c994 .av-special-heading-tag{\nfont-size:0.8em;\n}\n}\n<\/style>\n<div  class='av-special-heading av-av_heading-e8bb9ebec2b9602b90dbbabeaf28c994 av-special-heading-h1 blockquote modern-quote  avia-builder-el-0  el_before_av_textblock  avia-builder-el-first  av-inherit-size'><h1 class='av-special-heading-tag'  itemprop=\"headline\"  >Vaccini: \u00e8 obbligatorio per accedere ai servizi educativi comunali? Ecco cosa ne pensa il consiglio di stato<\/h1><div class=\"special-heading-border\"><div class=\"special-heading-inner-border\"><\/div><\/div><\/div>\n<section  class='av_textblock_section av-av_textblock-0366cc7376be6c9e82a3e9cc8987b64f '   itemscope=\"itemscope\" itemtype=\"https:\/\/schema.org\/BlogPosting\" itemprop=\"blogPost\" ><div class='avia_textblock'  itemprop=\"text\" ><p>Prescrizione di vaccinazioni obbligatorie per l&#8217;accesso ai servizi educativi comunali, oltre ad essere coerente con il sistema normativo generale in materia sanitaria e con le esigenze di profilassi imposte dai cambiamenti in atto, non si pone in conflitto con i principi di precauzione e proporzionalit\u00e0. La tutela della salute pubblica, in particolare della comunit\u00e0 in et\u00e0 prescolare, assume un valore dirimente, che prevale sulle prerogative sottese alla responsabilit\u00e0 genitoriale.<\/p>\n<\/div><\/section>\n","protected":false},"excerpt":{"rendered":"","protected":false},"author":2,"featured_media":3127,"comment_status":"closed","ping_status":"closed","sticky":false,"template":"","format":"standard","meta":{"footnotes":""},"categories":[45,43],"tags":[],"class_list":["post-4203","post","type-post","status-publish","format-standard","has-post-thumbnail","hentry","category-diritto-amministrativo-en","category-home-en"],"_links":{"self":[{"href":"https:\/\/www.ameco.it\/en\/wp-json\/wp\/v2\/posts\/4203","targetHints":{"allow":["GET"]}}],"collection":[{"href":"https:\/\/www.ameco.it\/en\/wp-json\/wp\/v2\/posts"}],"about":[{"href":"https:\/\/www.ameco.it\/en\/wp-json\/wp\/v2\/types\/post"}],"author":[{"embeddable":true,"href":"https:\/\/www.ameco.it\/en\/wp-json\/wp\/v2\/users\/2"}],"replies":[{"embeddable":true,"href":"https:\/\/www.ameco.it\/en\/wp-json\/wp\/v2\/comments?post=4203"}],"version-history":[{"count":2,"href":"https:\/\/www.ameco.it\/en\/wp-json\/wp\/v2\/posts\/4203\/revisions"}],"predecessor-version":[{"id":4715,"href":"https:\/\/www.ameco.it\/en\/wp-json\/wp\/v2\/posts\/4203\/revisions\/4715"}],"wp:featuredmedia":[{"embeddable":true,"href":"https:\/\/www.ameco.it\/en\/wp-json\/wp\/v2\/media\/3127"}],"wp:attachment":[{"href":"https:\/\/www.ameco.it\/en\/wp-json\/wp\/v2\/media?parent=4203"}],"wp:term":[{"taxonomy":"category","embeddable":true,"href":"https:\/\/www.ameco.it\/en\/wp-json\/wp\/v2\/categories?post=4203"},{"taxonomy":"post_tag","embeddable":true,"href":"https:\/\/www.ameco.it\/en\/wp-json\/wp\/v2\/tags?post=4203"}],"curies":[{"name":"wp","href":"https:\/\/api.w.org\/{rel}","templated":true}]}}