{"id":4201,"date":"2017-05-04T09:47:02","date_gmt":"2017-05-04T07:47:02","guid":{"rendered":"http:\/\/www.ameco.it\/se-luso-del-cellulare-e-causa-di-tumore\/"},"modified":"2017-08-24T16:17:49","modified_gmt":"2017-08-24T14:17:49","slug":"se-luso-del-cellulare-e-causa-di-tumore","status":"publish","type":"post","link":"https:\/\/www.ameco.it\/en\/se-luso-del-cellulare-e-causa-di-tumore\/","title":{"rendered":"Se l\u2019uso del cellulare \u00e8 causa di tumore\u2026"},"content":{"rendered":"\n<style type=\"text\/css\" data-created_by=\"avia_inline_auto\" id=\"style-css-av-av_heading-1effcb6166b8d134503522179e836146\">\n#top .av-special-heading.av-av_heading-1effcb6166b8d134503522179e836146{\npadding-bottom:20px;\nfont-size:34px;\n}\nbody .av-special-heading.av-av_heading-1effcb6166b8d134503522179e836146 .av-special-heading-tag .heading-char{\nfont-size:25px;\n}\n#top #wrap_all .av-special-heading.av-av_heading-1effcb6166b8d134503522179e836146 .av-special-heading-tag{\nfont-size:34px;\n}\n.av-special-heading.av-av_heading-1effcb6166b8d134503522179e836146 .av-subheading{\nfont-size:15px;\n}\n\n@media only screen and (min-width: 480px) and (max-width: 767px){ \n#top #wrap_all .av-special-heading.av-av_heading-1effcb6166b8d134503522179e836146 .av-special-heading-tag{\nfont-size:0.8em;\n}\n}\n\n@media only screen and (max-width: 479px){ \n#top #wrap_all .av-special-heading.av-av_heading-1effcb6166b8d134503522179e836146 .av-special-heading-tag{\nfont-size:0.8em;\n}\n}\n<\/style>\n<div  class='av-special-heading av-av_heading-1effcb6166b8d134503522179e836146 av-special-heading-h1 blockquote modern-quote  avia-builder-el-0  el_before_av_textblock  avia-builder-el-first  av-inherit-size'><h1 class='av-special-heading-tag'  itemprop=\"headline\"  >Se l\u2019uso del cellulare \u00e8 causa di tumore\u2026<\/h1><div class=\"special-heading-border\"><div class=\"special-heading-inner-border\"><\/div><\/div><\/div>\n<section  class='av_textblock_section av-av_textblock-0366cc7376be6c9e82a3e9cc8987b64f '   itemscope=\"itemscope\" itemtype=\"https:\/\/schema.org\/BlogPosting\" itemprop=\"blogPost\" ><div class='avia_textblock'  itemprop=\"text\" ><p>Questa volta \u00e8 stato il Tribunale di Firenze che con sentenza del 24 aprile 2017 ha dichiarato il nesso causale tra tumore al cervello e uso del cellulare, sulla scia della recentissima decisione del Tribunale di Ivrea (sent. 30 marzo 2017).<\/p>\n<p>Insomma: l\u2019uso del cellulare provoca il cancro al cervello, e il dipendente che ne fa un uso eccessivo ha diritto alla pensione di invalidit\u00e0; da qui la condanna dell&#8217;Inail al risarcimento del danno.<\/p>\n<p>Se \u00e8 la prima volta che viene riconosciuto il nesso causale tra tumore benigno al cervello e il cellulare, non \u00e8 per\u00f2 la prima volta che l\u2019uso di questo strumento viene individuato come potenziale agente cancerogeno. Gi\u00e0 il tribunale di Brescia nel 2009 e poi la Cassazione nel 2012 (Cass. 17438 del 12 ottobre 2012) avevano affermato l\u2019esistenza del nesso causale tra tumore e cellulari (in questo caso per\u00f2 si trattava di un tumore maligno al trigemino).<\/p>\n<p>In attesa di conoscere le motivazioni alla base della decisione del Tribunale di Firenze, \u00e8 interessante raccontare qualcosa sulla vicenda, che pu\u00f2 far riflettere.<\/p>\n<p>Lo sfortunato protagonista \u00e8 stato un addetto alle vendite presso societ\u00e0 di import export. Il lavoratore fin dal 1994 ha sempre utilizzato i telefoni cellulari aziendali a causa dei frequenti viaggi in auto, riscontrando i primi sintomi del malessere nel 2005: perdita di udito, acufeni, cio\u00e8 fischi nell\u2019orecchio e altri disturbi. Nel 2008 sono arrivate anche le vertigini. I controlli medici hanno rivelato la presenza di un neurinoma, un tumore benigno ma intracranico. Malgrado la rimozione del tumore nel 2011, il lavoratore ha perso l\u2019udito da un orecchio e mantenuto disturbi di equilibrio.<\/p>\n<p>Nel 2013 il signore ha presentato domanda di indennizzo all\u2019INAIL, che gli \u00e8 stata rigettata e cos\u00ec ha convenuto in giudizio l\u2019ente. L\u2019INAIL \u00e8 stato condannato alla corresponsione di una rendita vitalizia riconoscendo un\u2019invalidit\u00e0 del 16%.<\/p>\n<p>La vicenda non pu\u00f2 dirsi conclusa. Vi sono ancora due gradi di giudizio da \u201cvivere\u201d. Saranno inevitabili i ricorsi da parte dell\u2019INAIL e le reazioni delle compagnie telefoniche, giuridiche e non.<\/p>\n<\/div><\/section>\n","protected":false},"excerpt":{"rendered":"","protected":false},"author":2,"featured_media":3136,"comment_status":"closed","ping_status":"closed","sticky":false,"template":"","format":"standard","meta":{"footnotes":""},"categories":[46,43],"tags":[],"class_list":["post-4201","post","type-post","status-publish","format-standard","has-post-thumbnail","hentry","category-diritto-del-lavoro-en","category-home-en"],"_links":{"self":[{"href":"https:\/\/www.ameco.it\/en\/wp-json\/wp\/v2\/posts\/4201","targetHints":{"allow":["GET"]}}],"collection":[{"href":"https:\/\/www.ameco.it\/en\/wp-json\/wp\/v2\/posts"}],"about":[{"href":"https:\/\/www.ameco.it\/en\/wp-json\/wp\/v2\/types\/post"}],"author":[{"embeddable":true,"href":"https:\/\/www.ameco.it\/en\/wp-json\/wp\/v2\/users\/2"}],"replies":[{"embeddable":true,"href":"https:\/\/www.ameco.it\/en\/wp-json\/wp\/v2\/comments?post=4201"}],"version-history":[{"count":2,"href":"https:\/\/www.ameco.it\/en\/wp-json\/wp\/v2\/posts\/4201\/revisions"}],"predecessor-version":[{"id":4709,"href":"https:\/\/www.ameco.it\/en\/wp-json\/wp\/v2\/posts\/4201\/revisions\/4709"}],"wp:featuredmedia":[{"embeddable":true,"href":"https:\/\/www.ameco.it\/en\/wp-json\/wp\/v2\/media\/3136"}],"wp:attachment":[{"href":"https:\/\/www.ameco.it\/en\/wp-json\/wp\/v2\/media?parent=4201"}],"wp:term":[{"taxonomy":"category","embeddable":true,"href":"https:\/\/www.ameco.it\/en\/wp-json\/wp\/v2\/categories?post=4201"},{"taxonomy":"post_tag","embeddable":true,"href":"https:\/\/www.ameco.it\/en\/wp-json\/wp\/v2\/tags?post=4201"}],"curies":[{"name":"wp","href":"https:\/\/api.w.org\/{rel}","templated":true}]}}