{"id":4198,"date":"2017-05-04T09:53:41","date_gmt":"2017-05-04T07:53:41","guid":{"rendered":"http:\/\/www.ameco.it\/rifiuto-di-ritirare-il-provvedimento-in-autotutela-impugnabile-lannullamento-parziale-adottato-nellesercizio-del-potere-di-autotutela\/"},"modified":"2017-08-24T16:13:19","modified_gmt":"2017-08-24T14:13:19","slug":"rifiuto-di-ritirare-il-provvedimento-in-autotutela-impugnabile-lannullamento-parziale-adottato-nellesercizio-del-potere-di-autotutela","status":"publish","type":"post","link":"https:\/\/www.ameco.it\/en\/rifiuto-di-ritirare-il-provvedimento-in-autotutela-impugnabile-lannullamento-parziale-adottato-nellesercizio-del-potere-di-autotutela\/","title":{"rendered":"Rifiuto di ritirare il provvedimento in autotutela \u2013 impugnabile l\u2019annullamento parziale, adottato nell\u2019esercizio del potere di autotutela"},"content":{"rendered":"\n<style type=\"text\/css\" data-created_by=\"avia_inline_auto\" id=\"style-css-av-av_heading-8ab10c31f04260185d982c52440c2946\">\n#top .av-special-heading.av-av_heading-8ab10c31f04260185d982c52440c2946{\npadding-bottom:20px;\nfont-size:34px;\n}\nbody .av-special-heading.av-av_heading-8ab10c31f04260185d982c52440c2946 .av-special-heading-tag .heading-char{\nfont-size:25px;\n}\n#top #wrap_all .av-special-heading.av-av_heading-8ab10c31f04260185d982c52440c2946 .av-special-heading-tag{\nfont-size:34px;\n}\n.av-special-heading.av-av_heading-8ab10c31f04260185d982c52440c2946 .av-subheading{\nfont-size:15px;\n}\n\n@media only screen and (min-width: 480px) and (max-width: 767px){ \n#top #wrap_all .av-special-heading.av-av_heading-8ab10c31f04260185d982c52440c2946 .av-special-heading-tag{\nfont-size:0.8em;\n}\n}\n\n@media only screen and (max-width: 479px){ \n#top #wrap_all .av-special-heading.av-av_heading-8ab10c31f04260185d982c52440c2946 .av-special-heading-tag{\nfont-size:0.8em;\n}\n}\n<\/style>\n<div  class='av-special-heading av-av_heading-8ab10c31f04260185d982c52440c2946 av-special-heading-h1 blockquote modern-quote  avia-builder-el-0  el_before_av_textblock  avia-builder-el-first  av-inherit-size'><h1 class='av-special-heading-tag'  itemprop=\"headline\"  >Rifiuto di ritirare il provvedimento in autotutela \u2013 impugnabile l\u2019annullamento parziale, adottato nell\u2019esercizio del potere di autotutela<\/h1><div class=\"special-heading-border\"><div class=\"special-heading-inner-border\"><\/div><\/div><\/div>\n<section  class='av_textblock_section av-av_textblock-0366cc7376be6c9e82a3e9cc8987b64f '   itemscope=\"itemscope\" itemtype=\"https:\/\/schema.org\/BlogPosting\" itemprop=\"blogPost\" ><div class='avia_textblock'  itemprop=\"text\" ><p>La Cassazione civ. sez. Tributaria con sentenza dell\u20198 luglio 2015 n. 14243 ha stabilito come l&#8217;esercizio del potere di autotutela in materia tributaria esercitato attraverso l&#8217;annullamento parziale di un avviso impositivo, non precluda al contribuente, ancorch\u00e9 l&#8217;originario provvedimento fosse gi\u00e0 definitivo, la possibilit\u00e0 di impugnare, nei termini di legge, il provvedimento emesso in autotutela, privandosi altrimenti il contribuente della possibilit\u00e0 di difesa relativamente a tale atto, ancorch\u00e9 riduttivo della originaria pretesa.<\/p>\n<p>Deve, quindi, essere riconosciuta la possibilit\u00e0 di ricorrere alla tutela del giudice tributario avverso tutti gli atti adottati dall&#8217;ente impositore anche in caso di provvedimenti adottati in autotutela che, con l&#8217;esplicazione delle concrete ragioni (fattuali e giuridiche) che la sorreggono, porti comunque a conoscenza del contribuente una ben individuata pretesa Tributaria, essendo legittimato ad invocare una tutela giurisdizionale &#8211; ormai, allo stato, esclusiva del giudice tributario &#8211; comunque di controllo della legittimit\u00e0 sostanziale della pretesa impositiva e\/o dei connessi accessori vantati dall&#8217;ente pubblico (Cass., SS.UU., 27. 3.2007 n. 7388), tutela che altrimenti, non potrebbe mai pi\u00f9 invocare in quanto non consegue alcun ulteriore atto impositivo a seguito del provvedimento di autotutela e, pena, quindi, la violazione del diritto di difesa, si deve riconoscere la ricorribilit\u00e0 di provvedimenti davanti al giudice tributario ogni qual volta vi sia un collegamento tra atti della Amministrazione e rapporto tributario, ove tali provvedimenti siano idonei ad incidere sul rapporto tributario, Pertanto, nonostante l&#8217;elencazione degli atti impugnabili, contenuta nel D.Lgs. n. 546 del 1992, art. 19, il contribuente pu\u00f2 impugnare anche atti diversi da quelli contenuti in detto elenco, purch\u00e9 espressione di una compiuta pretesa Tributaria, quale il provvedimento di autotutela. Le ulteriori questioni rimangono assorbite e potranno essere riproposte, ove ne sussista l&#8217;interesse, nel giudizio di rinvio<\/p>\n<\/div><\/section>\n","protected":false},"excerpt":{"rendered":"","protected":false},"author":2,"featured_media":3148,"comment_status":"closed","ping_status":"closed","sticky":false,"template":"","format":"standard","meta":{"footnotes":""},"categories":[43,50],"tags":[],"class_list":["post-4198","post","type-post","status-publish","format-standard","has-post-thumbnail","hentry","category-home-en","category-tributario-e-fiscale-en"],"_links":{"self":[{"href":"https:\/\/www.ameco.it\/en\/wp-json\/wp\/v2\/posts\/4198","targetHints":{"allow":["GET"]}}],"collection":[{"href":"https:\/\/www.ameco.it\/en\/wp-json\/wp\/v2\/posts"}],"about":[{"href":"https:\/\/www.ameco.it\/en\/wp-json\/wp\/v2\/types\/post"}],"author":[{"embeddable":true,"href":"https:\/\/www.ameco.it\/en\/wp-json\/wp\/v2\/users\/2"}],"replies":[{"embeddable":true,"href":"https:\/\/www.ameco.it\/en\/wp-json\/wp\/v2\/comments?post=4198"}],"version-history":[{"count":2,"href":"https:\/\/www.ameco.it\/en\/wp-json\/wp\/v2\/posts\/4198\/revisions"}],"predecessor-version":[{"id":4700,"href":"https:\/\/www.ameco.it\/en\/wp-json\/wp\/v2\/posts\/4198\/revisions\/4700"}],"wp:featuredmedia":[{"embeddable":true,"href":"https:\/\/www.ameco.it\/en\/wp-json\/wp\/v2\/media\/3148"}],"wp:attachment":[{"href":"https:\/\/www.ameco.it\/en\/wp-json\/wp\/v2\/media?parent=4198"}],"wp:term":[{"taxonomy":"category","embeddable":true,"href":"https:\/\/www.ameco.it\/en\/wp-json\/wp\/v2\/categories?post=4198"},{"taxonomy":"post_tag","embeddable":true,"href":"https:\/\/www.ameco.it\/en\/wp-json\/wp\/v2\/tags?post=4198"}],"curies":[{"name":"wp","href":"https:\/\/api.w.org\/{rel}","templated":true}]}}