{"id":4192,"date":"2017-05-05T10:41:56","date_gmt":"2017-05-05T08:41:56","guid":{"rendered":"http:\/\/www.ameco.it\/lobbligo-di-mantenimento-dei-figli-permane-anche-dopo-la-maggiore-eta\/"},"modified":"2017-08-24T16:04:07","modified_gmt":"2017-08-24T14:04:07","slug":"lobbligo-di-mantenimento-dei-figli-permane-anche-dopo-la-maggiore-eta","status":"publish","type":"post","link":"https:\/\/www.ameco.it\/en\/lobbligo-di-mantenimento-dei-figli-permane-anche-dopo-la-maggiore-eta\/","title":{"rendered":"L\u2019obbligo di mantenimento dei figli permane anche dopo la maggiore et\u00e0"},"content":{"rendered":"\n<style type=\"text\/css\" data-created_by=\"avia_inline_auto\" id=\"style-css-av-av_heading-0378ad921b53fabf5243b30bacf408ab\">\n#top .av-special-heading.av-av_heading-0378ad921b53fabf5243b30bacf408ab{\npadding-bottom:20px;\nfont-size:34px;\n}\nbody .av-special-heading.av-av_heading-0378ad921b53fabf5243b30bacf408ab .av-special-heading-tag .heading-char{\nfont-size:25px;\n}\n#top #wrap_all .av-special-heading.av-av_heading-0378ad921b53fabf5243b30bacf408ab .av-special-heading-tag{\nfont-size:34px;\n}\n.av-special-heading.av-av_heading-0378ad921b53fabf5243b30bacf408ab .av-subheading{\nfont-size:15px;\n}\n\n@media only screen and (min-width: 480px) and (max-width: 767px){ \n#top #wrap_all .av-special-heading.av-av_heading-0378ad921b53fabf5243b30bacf408ab .av-special-heading-tag{\nfont-size:0.8em;\n}\n}\n\n@media only screen and (max-width: 479px){ \n#top #wrap_all .av-special-heading.av-av_heading-0378ad921b53fabf5243b30bacf408ab .av-special-heading-tag{\nfont-size:0.8em;\n}\n}\n<\/style>\n<div  class='av-special-heading av-av_heading-0378ad921b53fabf5243b30bacf408ab av-special-heading-h1 blockquote modern-quote  avia-builder-el-0  el_before_av_textblock  avia-builder-el-first  av-inherit-size'><h1 class='av-special-heading-tag'  itemprop=\"headline\"  >L\u2019obbligo di mantenimento dei figli permane anche dopo la maggiore et\u00e0<\/h1><div class=\"special-heading-border\"><div class=\"special-heading-inner-border\"><\/div><\/div><\/div>\n<section  class='av_textblock_section av-av_textblock-0366cc7376be6c9e82a3e9cc8987b64f '   itemscope=\"itemscope\" itemtype=\"https:\/\/schema.org\/BlogPosting\" itemprop=\"blogPost\" ><div class='avia_textblock'  itemprop=\"text\" ><p>La Corte di appello di Venezia ha richiamato in modo sostanzialmente corretto la giurisprudenza in materia e ha accertato l&#8217;insussistenza delle condizioni per la cessazione dell&#8217;obbligo di mantenimento in primo luogo rilevando che non risulta provato n\u00e9 che C.L. abbia conseguito l&#8217;indipendenza economica n\u00e9 che abbia rifiutato concrete opportunit\u00e0 lavorative. Quanto invece alla prosecuzione del percorso di studi la Corte di appello ha ritenuto che si tratta di una scelta finalizzata a un utile inserimento nel mondo lavorativo corrispondente alle inclinazioni personali della giovane figlia del ricorrente e compatibile con la sua et\u00e0 al momento della decisione (ventisei anni) e con le condizioni socio &#8211; economiche della sua famiglia. Tali valutazioni che attengono al merito della controversia non sono soggette al sindacato di legittimit\u00e0 (cfr. Cass. civ., sez. 1, n. 2392 del 4 marzo 1998 e n. 18076 del 20 agosto 2014) secondo cui il giudice di merito \u00e8 tenuto a valutare, con prudente apprezzamento, caso per caso e con criteri di rigore proporzionalmente crescenti in rapporto all&#8217;et\u00e0 dei beneficiari, le circostanze che giustificano il permanere dell&#8217;obbligo di mantenimento, fermo restando che tale obbligo non pu\u00f2 essere protratto oltre ragionevoli limiti di tempo e di misura, poich\u00e9 il diritto del figlio si giustifica nei limiti del perseguimento di un progetto educativo e di un percorso di formazione, nel rispetto delle sue capacit\u00e0, inclinazioni e aspirazioni purch\u00e9 compatibili con le condizioni economiche dei genitori.<\/p>\n<\/div><\/section>\n","protected":false},"excerpt":{"rendered":"","protected":false},"author":2,"featured_media":3208,"comment_status":"closed","ping_status":"closed","sticky":false,"template":"","format":"standard","meta":{"footnotes":""},"categories":[48,49,43],"tags":[],"class_list":["post-4192","post","type-post","status-publish","format-standard","has-post-thumbnail","hentry","category-diritto-civile-en","category-diritto-di-famiglia-en","category-home-en"],"_links":{"self":[{"href":"https:\/\/www.ameco.it\/en\/wp-json\/wp\/v2\/posts\/4192","targetHints":{"allow":["GET"]}}],"collection":[{"href":"https:\/\/www.ameco.it\/en\/wp-json\/wp\/v2\/posts"}],"about":[{"href":"https:\/\/www.ameco.it\/en\/wp-json\/wp\/v2\/types\/post"}],"author":[{"embeddable":true,"href":"https:\/\/www.ameco.it\/en\/wp-json\/wp\/v2\/users\/2"}],"replies":[{"embeddable":true,"href":"https:\/\/www.ameco.it\/en\/wp-json\/wp\/v2\/comments?post=4192"}],"version-history":[{"count":2,"href":"https:\/\/www.ameco.it\/en\/wp-json\/wp\/v2\/posts\/4192\/revisions"}],"predecessor-version":[{"id":4680,"href":"https:\/\/www.ameco.it\/en\/wp-json\/wp\/v2\/posts\/4192\/revisions\/4680"}],"wp:featuredmedia":[{"embeddable":true,"href":"https:\/\/www.ameco.it\/en\/wp-json\/wp\/v2\/media\/3208"}],"wp:attachment":[{"href":"https:\/\/www.ameco.it\/en\/wp-json\/wp\/v2\/media?parent=4192"}],"wp:term":[{"taxonomy":"category","embeddable":true,"href":"https:\/\/www.ameco.it\/en\/wp-json\/wp\/v2\/categories?post=4192"},{"taxonomy":"post_tag","embeddable":true,"href":"https:\/\/www.ameco.it\/en\/wp-json\/wp\/v2\/tags?post=4192"}],"curies":[{"name":"wp","href":"https:\/\/api.w.org\/{rel}","templated":true}]}}