{"id":4189,"date":"2017-05-08T15:00:28","date_gmt":"2017-05-08T13:00:28","guid":{"rendered":"http:\/\/www.ameco.it\/furto-lieve-per-bisogno-quando-e-configurabile\/"},"modified":"2017-08-24T16:00:53","modified_gmt":"2017-08-24T14:00:53","slug":"furto-lieve-per-bisogno-quando-e-configurabile","status":"publish","type":"post","link":"https:\/\/www.ameco.it\/en\/furto-lieve-per-bisogno-quando-e-configurabile\/","title":{"rendered":"Furto lieve per bisogno: quando \u00e8 configurabile?"},"content":{"rendered":"\n<style type=\"text\/css\" data-created_by=\"avia_inline_auto\" id=\"style-css-av-av_heading-0d6020903e76739fcf9eb132e9de621f\">\n#top .av-special-heading.av-av_heading-0d6020903e76739fcf9eb132e9de621f{\npadding-bottom:20px;\nfont-size:34px;\n}\nbody .av-special-heading.av-av_heading-0d6020903e76739fcf9eb132e9de621f .av-special-heading-tag .heading-char{\nfont-size:25px;\n}\n#top #wrap_all .av-special-heading.av-av_heading-0d6020903e76739fcf9eb132e9de621f .av-special-heading-tag{\nfont-size:34px;\n}\n.av-special-heading.av-av_heading-0d6020903e76739fcf9eb132e9de621f .av-subheading{\nfont-size:15px;\n}\n\n@media only screen and (min-width: 480px) and (max-width: 767px){ \n#top #wrap_all .av-special-heading.av-av_heading-0d6020903e76739fcf9eb132e9de621f .av-special-heading-tag{\nfont-size:0.8em;\n}\n}\n\n@media only screen and (max-width: 479px){ \n#top #wrap_all .av-special-heading.av-av_heading-0d6020903e76739fcf9eb132e9de621f .av-special-heading-tag{\nfont-size:0.8em;\n}\n}\n<\/style>\n<div  class='av-special-heading av-av_heading-0d6020903e76739fcf9eb132e9de621f av-special-heading-h1 blockquote modern-quote  avia-builder-el-0  el_before_av_textblock  avia-builder-el-first  av-inherit-size'><h1 class='av-special-heading-tag'  itemprop=\"headline\"  >Furto lieve per bisogno: quando \u00e8 configurabile?<\/h1><div class=\"special-heading-border\"><div class=\"special-heading-inner-border\"><\/div><\/div><\/div>\n<section  class='av_textblock_section av-av_textblock-0366cc7376be6c9e82a3e9cc8987b64f '   itemscope=\"itemscope\" itemtype=\"https:\/\/schema.org\/BlogPosting\" itemprop=\"blogPost\" ><div class='avia_textblock'  itemprop=\"text\" ><p>Secondo il consolidato orientamento di legittimit\u00e0, ai fini della configurabilit\u00e0 del furto lieve per bisogno, ex art. 626, n.2, c.p., non \u00e8 sufficiente un generico stato di bisogno o di miseria del colpevole, essendo necessario che il bene sottratto sia di tenue valore e, soprattutto, che sia destinato a soddisfare un grave ed urgente bisogno, non pi\u00f9 procrastinabile.<\/p>\n<p>Il \u201cbisogno\u201d viene qualificato come un\u2019esigenza che, se non soddisfatta, pu\u00f2 determinare un danno o un pericolo per la persona o per le cose possedute e pu\u00f2 riguardare tanto la persona dell\u2019agente quanto altre persone, posto che la norma parla genericamente di bisogno senza utilizzare l\u2019aggettivo \u201cproprio\u201d.<\/p>\n<p>I termini \u201cgravit\u00e0\u201d ed \u201curgenza\u201d, invece, sono da intendersi, rispettivamente, il notevole pericolo che deriverebbe dalla mancata soddisfazione del bisogno e l\u2019impossibilit\u00e0 di differirne il soddisfacimento senza che ci\u00f2 provochi un danno.<\/p>\n<p>Quindi, affinch\u00e9 possa considerarsi sussistente l\u2019ipotesi attenuata del furto commesso in stato di bisogno, in giudizio l\u2019imputato dovr\u00e0 dedurre che la sottrazione del bene era diretta al soddisfacimento di un bisogno primario e ci\u00f2 non solo sotto il profilo dell\u2019elemento psicologico del reato, ma, altres\u00ec, da un punto di vista oggettivo, essendo necessario che il bene sottratto sia effettivamente destinato a soddisfare tale bisogno.<\/p>\n<p>Resta esclusa la possibilit\u00e0 di fare degradare l\u2019imputazione da furto comune a furto lieve in presenza di un generico stato di bisogno o di miseria dell\u2019agente.<\/p>\n<\/div><\/section>\n","protected":false},"excerpt":{"rendered":"","protected":false},"author":2,"featured_media":3234,"comment_status":"closed","ping_status":"closed","sticky":false,"template":"","format":"standard","meta":{"footnotes":""},"categories":[43,44],"tags":[],"class_list":["post-4189","post","type-post","status-publish","format-standard","has-post-thumbnail","hentry","category-home-en","category-penale-en"],"_links":{"self":[{"href":"https:\/\/www.ameco.it\/en\/wp-json\/wp\/v2\/posts\/4189","targetHints":{"allow":["GET"]}}],"collection":[{"href":"https:\/\/www.ameco.it\/en\/wp-json\/wp\/v2\/posts"}],"about":[{"href":"https:\/\/www.ameco.it\/en\/wp-json\/wp\/v2\/types\/post"}],"author":[{"embeddable":true,"href":"https:\/\/www.ameco.it\/en\/wp-json\/wp\/v2\/users\/2"}],"replies":[{"embeddable":true,"href":"https:\/\/www.ameco.it\/en\/wp-json\/wp\/v2\/comments?post=4189"}],"version-history":[{"count":2,"href":"https:\/\/www.ameco.it\/en\/wp-json\/wp\/v2\/posts\/4189\/revisions"}],"predecessor-version":[{"id":4670,"href":"https:\/\/www.ameco.it\/en\/wp-json\/wp\/v2\/posts\/4189\/revisions\/4670"}],"wp:featuredmedia":[{"embeddable":true,"href":"https:\/\/www.ameco.it\/en\/wp-json\/wp\/v2\/media\/3234"}],"wp:attachment":[{"href":"https:\/\/www.ameco.it\/en\/wp-json\/wp\/v2\/media?parent=4189"}],"wp:term":[{"taxonomy":"category","embeddable":true,"href":"https:\/\/www.ameco.it\/en\/wp-json\/wp\/v2\/categories?post=4189"},{"taxonomy":"post_tag","embeddable":true,"href":"https:\/\/www.ameco.it\/en\/wp-json\/wp\/v2\/tags?post=4189"}],"curies":[{"name":"wp","href":"https:\/\/api.w.org\/{rel}","templated":true}]}}