{"id":4188,"date":"2017-05-08T15:02:41","date_gmt":"2017-05-08T13:02:41","guid":{"rendered":"http:\/\/www.ameco.it\/nel-furto-quando-lagente-approfitta-della-distrazione-del-derubato-e-configurabile-la-destrezza\/"},"modified":"2017-08-24T16:00:06","modified_gmt":"2017-08-24T14:00:06","slug":"nel-furto-quando-lagente-approfitta-della-distrazione-del-derubato-e-configurabile-la-destrezza","status":"publish","type":"post","link":"https:\/\/www.ameco.it\/en\/nel-furto-quando-lagente-approfitta-della-distrazione-del-derubato-e-configurabile-la-destrezza\/","title":{"rendered":"Nel furto, quando l\u2019agente approfitta della distrazione del derubato, \u00e8 configurabile la destrezza?"},"content":{"rendered":"\n<style type=\"text\/css\" data-created_by=\"avia_inline_auto\" id=\"style-css-av-av_heading-b839785e59ed009b9cfe1290b98ffa9c\">\n#top .av-special-heading.av-av_heading-b839785e59ed009b9cfe1290b98ffa9c{\npadding-bottom:20px;\nfont-size:34px;\n}\nbody .av-special-heading.av-av_heading-b839785e59ed009b9cfe1290b98ffa9c .av-special-heading-tag .heading-char{\nfont-size:25px;\n}\n#top #wrap_all .av-special-heading.av-av_heading-b839785e59ed009b9cfe1290b98ffa9c .av-special-heading-tag{\nfont-size:34px;\n}\n.av-special-heading.av-av_heading-b839785e59ed009b9cfe1290b98ffa9c .av-subheading{\nfont-size:15px;\n}\n\n@media only screen and (min-width: 480px) and (max-width: 767px){ \n#top #wrap_all .av-special-heading.av-av_heading-b839785e59ed009b9cfe1290b98ffa9c .av-special-heading-tag{\nfont-size:0.8em;\n}\n}\n\n@media only screen and (max-width: 479px){ \n#top #wrap_all .av-special-heading.av-av_heading-b839785e59ed009b9cfe1290b98ffa9c .av-special-heading-tag{\nfont-size:0.8em;\n}\n}\n<\/style>\n<div  class='av-special-heading av-av_heading-b839785e59ed009b9cfe1290b98ffa9c av-special-heading-h1 blockquote modern-quote  avia-builder-el-0  el_before_av_textblock  avia-builder-el-first  av-inherit-size'><h1 class='av-special-heading-tag'  itemprop=\"headline\"  >Nel furto, quando l\u2019agente approfitta della distrazione del derubato, \u00e8 configurabile la destrezza?<\/h1><div class=\"special-heading-border\"><div class=\"special-heading-inner-border\"><\/div><\/div><\/div>\n<section  class='av_textblock_section av-av_textblock-0366cc7376be6c9e82a3e9cc8987b64f '   itemscope=\"itemscope\" itemtype=\"https:\/\/schema.org\/BlogPosting\" itemprop=\"blogPost\" ><div class='avia_textblock'  itemprop=\"text\" ><p>Con ordinanza della Quarta Sezione Penale del 21.12.2016, pubblicata il 17.02.2017, tale questione \u00e8 stata rimessa alle Sezioni Unite.<\/p>\n<p>E\u2019 stato, infatti, evidenziato il contrasto giurisprudenziale in merito alla ritenuta aggravante della destrezza.<\/p>\n<p>In particolare, secondo un primo orientamento, sussiste l\u2019aggravante della destrezza quando l\u2019agente approfitti di una qualunque situazione soggettiva ed oggettiva, favorevole ad eludere la normale vigilanza dell\u2019uomo medio, ovvero nel caso in cui l\u2019agente approfitti di una frazione di tempo in cui la parte offesa ha momentaneamente sospeso la vigilanza sul bene, in quanto impegnata a curare altre attivit\u00e0. Non \u00e8 quindi, richiesto, l\u2019uso di una eccezionale abilit\u00e0.<\/p>\n<p>Un diverso orientamento, invece, sostiene che affinch\u00e9 l\u2019aggravante in questione sia configurabile \u00e8 necessaria un\u2019attivit\u00e0 che, per abilit\u00e0, astuzia e rapidit\u00e0, sia funzionale a superare l\u2019attenzione della vittima, con la conseguenza che questa va esclusa qualora l\u2019agente si sia limitato a sfruttare un momento di disattenzione della vittima, che egli non ha determinato.<\/p>\n<p>Orbene, secondo l\u2019informazione provvisoria diffusa dalla Suprema Corte, al quesito posto alle Sezioni Unite penali \u201cse, in tema di furto, la circostanza aggravante della destrezza sia configurabile quando l\u2019agente si limiti ad \u201capprofittare\u201d di una situazione oggettiva di temporanea distrazione della persona offesa\u201d, si \u00e8 data risposta negativa.<\/p>\n<p>Si attende, ora, la pubblicazione della motivazione della Sentenza delle Sezioni Unite.<\/p>\n<p><a href=\"#_ftnref1\" name=\"_ftn1\"><\/a><\/p>\n<\/div><\/section>\n","protected":false},"excerpt":{"rendered":"","protected":false},"author":2,"featured_media":3238,"comment_status":"closed","ping_status":"closed","sticky":false,"template":"","format":"standard","meta":{"footnotes":""},"categories":[43,44],"tags":[],"class_list":["post-4188","post","type-post","status-publish","format-standard","has-post-thumbnail","hentry","category-home-en","category-penale-en"],"_links":{"self":[{"href":"https:\/\/www.ameco.it\/en\/wp-json\/wp\/v2\/posts\/4188","targetHints":{"allow":["GET"]}}],"collection":[{"href":"https:\/\/www.ameco.it\/en\/wp-json\/wp\/v2\/posts"}],"about":[{"href":"https:\/\/www.ameco.it\/en\/wp-json\/wp\/v2\/types\/post"}],"author":[{"embeddable":true,"href":"https:\/\/www.ameco.it\/en\/wp-json\/wp\/v2\/users\/2"}],"replies":[{"embeddable":true,"href":"https:\/\/www.ameco.it\/en\/wp-json\/wp\/v2\/comments?post=4188"}],"version-history":[{"count":2,"href":"https:\/\/www.ameco.it\/en\/wp-json\/wp\/v2\/posts\/4188\/revisions"}],"predecessor-version":[{"id":4667,"href":"https:\/\/www.ameco.it\/en\/wp-json\/wp\/v2\/posts\/4188\/revisions\/4667"}],"wp:featuredmedia":[{"embeddable":true,"href":"https:\/\/www.ameco.it\/en\/wp-json\/wp\/v2\/media\/3238"}],"wp:attachment":[{"href":"https:\/\/www.ameco.it\/en\/wp-json\/wp\/v2\/media?parent=4188"}],"wp:term":[{"taxonomy":"category","embeddable":true,"href":"https:\/\/www.ameco.it\/en\/wp-json\/wp\/v2\/categories?post=4188"},{"taxonomy":"post_tag","embeddable":true,"href":"https:\/\/www.ameco.it\/en\/wp-json\/wp\/v2\/tags?post=4188"}],"curies":[{"name":"wp","href":"https:\/\/api.w.org\/{rel}","templated":true}]}}