{"id":4178,"date":"2017-05-15T10:40:48","date_gmt":"2017-05-15T08:40:48","guid":{"rendered":"http:\/\/www.ameco.it\/obbligatorio-il-contraddittorio-endoprocedimentale-anche-in-caso-di-accessi-brevi\/"},"modified":"2017-08-24T15:54:06","modified_gmt":"2017-08-24T13:54:06","slug":"obbligatorio-il-contraddittorio-endoprocedimentale-anche-in-caso-di-accessi-brevi","status":"publish","type":"post","link":"https:\/\/www.ameco.it\/en\/obbligatorio-il-contraddittorio-endoprocedimentale-anche-in-caso-di-accessi-brevi\/","title":{"rendered":"Obbligatorio il contraddittorio endoprocedimentale anche in caso di \u201caccessi brevi\u201d"},"content":{"rendered":"\n<style type=\"text\/css\" data-created_by=\"avia_inline_auto\" id=\"style-css-av-av_heading-8c008a9505dbc4605132ac51e36e0675\">\n#top .av-special-heading.av-av_heading-8c008a9505dbc4605132ac51e36e0675{\npadding-bottom:20px;\nfont-size:34px;\n}\nbody .av-special-heading.av-av_heading-8c008a9505dbc4605132ac51e36e0675 .av-special-heading-tag .heading-char{\nfont-size:25px;\n}\n#top #wrap_all .av-special-heading.av-av_heading-8c008a9505dbc4605132ac51e36e0675 .av-special-heading-tag{\nfont-size:34px;\n}\n.av-special-heading.av-av_heading-8c008a9505dbc4605132ac51e36e0675 .av-subheading{\nfont-size:15px;\n}\n\n@media only screen and (min-width: 480px) and (max-width: 767px){ \n#top #wrap_all .av-special-heading.av-av_heading-8c008a9505dbc4605132ac51e36e0675 .av-special-heading-tag{\nfont-size:0.8em;\n}\n}\n\n@media only screen and (max-width: 479px){ \n#top #wrap_all .av-special-heading.av-av_heading-8c008a9505dbc4605132ac51e36e0675 .av-special-heading-tag{\nfont-size:0.8em;\n}\n}\n<\/style>\n<div  class='av-special-heading av-av_heading-8c008a9505dbc4605132ac51e36e0675 av-special-heading-h1 blockquote modern-quote  avia-builder-el-0  el_before_av_textblock  avia-builder-el-first  av-inherit-size'><h1 class='av-special-heading-tag'  itemprop=\"headline\"  >Obbligatorio il contraddittorio endoprocedimentale anche in caso di <span class='special_amp'>\u201c<\/span>accessi brevi<span class='special_amp'>\u201d<\/span> <\/h1><div class=\"special-heading-border\"><div class=\"special-heading-inner-border\"><\/div><\/div><\/div>\n<section  class='av_textblock_section av-av_textblock-0366cc7376be6c9e82a3e9cc8987b64f '   itemscope=\"itemscope\" itemtype=\"https:\/\/schema.org\/BlogPosting\" itemprop=\"blogPost\" ><div class='avia_textblock'  itemprop=\"text\" ><p>I giudici della Corte di Cassazione civile, sez. VI-T con ordinanza del 10 maggio 2017, n. 11471, richiamando il precedente orientamento giurisprudenziale, hanno affermato che in tema di diritti e garanzie del contribuente sottoposto a verifiche fiscali, l&#8217;art. 12, comma 7, L. 27 luglio 2000, n. 212 deve essere interpretato nel senso che l&#8217;inosservanza del termine dilatorio di sessanta giorni per l&#8217;emanazione dell&#8217;avviso di accertamento &#8211; termine decorrente dal rilascio al contribuente, nei cui confronti sia stato effettuato un accesso, un&#8217;ispezione o una verifica nei locali destinati all&#8217;esercizio dell&#8217;attivit\u00e0, della copia del processo verbale di chiusura delle operazioni &#8211; determina di per s\u00e9, salvo che ricorrano specifiche ragioni di urgenza, l&#8217;illegittimit\u00e0 dell&#8217;atto impositivo emesso <em>ante tempus<\/em>, poich\u00e9 detto termine \u00e8 posto a garanzia del pieno dispiegarsi del contraddittorio procedimentale, il quale costituisce primaria espressione dei principi, di derivazione costituzionale, di collaborazione e buona fede tra amministrazione e contribuente ed \u00e8 diretto al migliore e pi\u00f9 efficace esercizio della potest\u00e0 impositiva.<\/p>\n<p>Va, inoltre, considerato che le dette garanzie statutarie operano gi\u00e0 in fase di accesso, concludendosi anche tale attivit\u00e0 con la sottoscrizione e consegna del processo verbale di chiusura delle operazioni svolte, e ci\u00f2 alla stregua delle prescrizioni dell&#8217;art. 52, comma 6, del decreto IVA ovvero dell&#8217;art. 33 del decreto sull&#8217;accertamento; siffatte, garanzie si applicano anche agli atti di accesso istantanei finalizzati all&#8217;acquisizione di documentazione, sia perch\u00e9 la citata disposizione non prevede alcuna distinzione in ordine alla durata dell&#8217;accesso, ed \u00e8, comunque, necessario, anche in caso di &#8220;accesso breve\u201d , redigere un verbale di chiusura delle operazioni sia perch\u00e9, anche in caso di &#8220;accesso breve&#8221;, si verifica quella peculiarit\u00e0 che, giustifica, quale controbilanciamento, le garanzie di cui al cit. art. 12; peculiarit\u00e0 consistente nell\u2019autoritativa intromissione dell&#8217;Amministrazione nei luoghi di pertinenza del contribuente alla diretta ricerca di elementi valutatiti a lui sfavorevoli.<\/p>\n<p>Riferimenti normativi:<br \/>\nArt. 12, comma 7, L. n. 212\/2000<br \/>\nArt. 52, comma 6, D.P.R. n. 633\/1972<br \/>\nArt. 33, D.P.R. n. 600\/1973<br \/>\nOrientamenti giurisprudenziali conformi<\/p>\n<p>Cass. sez. Unite n. 18184\/2013<\/p>\n<p>Cass. n. 2593\/14<\/p>\n<p>Cass. n. 15624\/14<\/p>\n<p>Cass. sez. Unite n. 24823\/2015<\/p>\n<\/div><\/section>\n","protected":false},"excerpt":{"rendered":"","protected":false},"author":2,"featured_media":3386,"comment_status":"closed","ping_status":"closed","sticky":false,"template":"","format":"standard","meta":{"footnotes":""},"categories":[43,50],"tags":[],"class_list":["post-4178","post","type-post","status-publish","format-standard","has-post-thumbnail","hentry","category-home-en","category-tributario-e-fiscale-en"],"_links":{"self":[{"href":"https:\/\/www.ameco.it\/en\/wp-json\/wp\/v2\/posts\/4178","targetHints":{"allow":["GET"]}}],"collection":[{"href":"https:\/\/www.ameco.it\/en\/wp-json\/wp\/v2\/posts"}],"about":[{"href":"https:\/\/www.ameco.it\/en\/wp-json\/wp\/v2\/types\/post"}],"author":[{"embeddable":true,"href":"https:\/\/www.ameco.it\/en\/wp-json\/wp\/v2\/users\/2"}],"replies":[{"embeddable":true,"href":"https:\/\/www.ameco.it\/en\/wp-json\/wp\/v2\/comments?post=4178"}],"version-history":[{"count":2,"href":"https:\/\/www.ameco.it\/en\/wp-json\/wp\/v2\/posts\/4178\/revisions"}],"predecessor-version":[{"id":4641,"href":"https:\/\/www.ameco.it\/en\/wp-json\/wp\/v2\/posts\/4178\/revisions\/4641"}],"wp:featuredmedia":[{"embeddable":true,"href":"https:\/\/www.ameco.it\/en\/wp-json\/wp\/v2\/media\/3386"}],"wp:attachment":[{"href":"https:\/\/www.ameco.it\/en\/wp-json\/wp\/v2\/media?parent=4178"}],"wp:term":[{"taxonomy":"category","embeddable":true,"href":"https:\/\/www.ameco.it\/en\/wp-json\/wp\/v2\/categories?post=4178"},{"taxonomy":"post_tag","embeddable":true,"href":"https:\/\/www.ameco.it\/en\/wp-json\/wp\/v2\/tags?post=4178"}],"curies":[{"name":"wp","href":"https:\/\/api.w.org\/{rel}","templated":true}]}}