{"id":4175,"date":"2017-05-19T18:05:15","date_gmt":"2017-05-19T16:05:15","guid":{"rendered":"http:\/\/www.ameco.it\/liberta-religiosa-e-ordine-pubblico\/"},"modified":"2017-08-24T15:51:59","modified_gmt":"2017-08-24T13:51:59","slug":"liberta-religiosa-e-ordine-pubblico","status":"publish","type":"post","link":"https:\/\/www.ameco.it\/en\/liberta-religiosa-e-ordine-pubblico\/","title":{"rendered":"Libert\u00e0 religiosa e ordine pubblico"},"content":{"rendered":"\n<style type=\"text\/css\" data-created_by=\"avia_inline_auto\" id=\"style-css-av-av_heading-1a54b465fd2c6dc75056c740066c5390\">\n#top .av-special-heading.av-av_heading-1a54b465fd2c6dc75056c740066c5390{\npadding-bottom:20px;\nfont-size:34px;\n}\nbody .av-special-heading.av-av_heading-1a54b465fd2c6dc75056c740066c5390 .av-special-heading-tag .heading-char{\nfont-size:25px;\n}\n#top #wrap_all .av-special-heading.av-av_heading-1a54b465fd2c6dc75056c740066c5390 .av-special-heading-tag{\nfont-size:34px;\n}\n.av-special-heading.av-av_heading-1a54b465fd2c6dc75056c740066c5390 .av-subheading{\nfont-size:15px;\n}\n\n@media only screen and (min-width: 480px) and (max-width: 767px){ \n#top #wrap_all .av-special-heading.av-av_heading-1a54b465fd2c6dc75056c740066c5390 .av-special-heading-tag{\nfont-size:0.8em;\n}\n}\n\n@media only screen and (max-width: 479px){ \n#top #wrap_all .av-special-heading.av-av_heading-1a54b465fd2c6dc75056c740066c5390 .av-special-heading-tag{\nfont-size:0.8em;\n}\n}\n<\/style>\n<div  class='av-special-heading av-av_heading-1a54b465fd2c6dc75056c740066c5390 av-special-heading-h1 blockquote modern-quote  avia-builder-el-0  el_before_av_textblock  avia-builder-el-first  av-inherit-size'><h1 class='av-special-heading-tag'  itemprop=\"headline\"  >Libert\u00e0 religiosa e ordine pubblico<\/h1><div class=\"special-heading-border\"><div class=\"special-heading-inner-border\"><\/div><\/div><\/div>\n<section  class='av_textblock_section av-av_textblock-0366cc7376be6c9e82a3e9cc8987b64f '   itemscope=\"itemscope\" itemtype=\"https:\/\/schema.org\/BlogPosting\" itemprop=\"blogPost\" ><div class='avia_textblock'  itemprop=\"text\" ><p>Con la sentenza n. 24084 del 15 maggio 2017, la Corte di Cassazione \u00e8 tornata a pronunciarsi sulla rilevanza delle cd. scriminanti culturali nel nostro ordinamento.<\/p>\n<p>La Suprema Corte \u00e8 stata chiamata a pronunciarsi sul reato di cui all\u2019art. 4, legge 110 del 1975, che sarebbe stato commesso da un indiano che \u201cportava fuori dalla propria abitazione, senza un giustificato motivo, un coltello della lunghezza complessiva di cm 18,5 idoneo all\u2019offesa per le sue caratteristiche\u201d<\/p>\n<p>L\u2019imputato, fermato dalla polizia locale, aveva dichiarato che il suo comportamento si conformava ai precetti della sua religione, essendo egli un indiano \u201csikh\u201d.<\/p>\n<p>Secondo il giudice di merito, le usanze religiose non potevano, in alcun modo, prevalere sulla norma penale vigente nel nostro ordinamento ai fini di sicurezza pubblica.<\/p>\n<p>La difesa dell\u2019imputato, in sede di ricorso per cassazione, sosteneva che il porto del coltello era giustificato dalla sua religione e trovava tutela nell\u2019articolo 19 della Costituzione secondo cui \u201ctutti hanno diritto di professare liberamente la propria fede religiosa in qualsiasi forma, individuale o associata, di farne propaganda e di esercitarne in privato o in pubblico il culto, purch\u00e9 non si tratti di riti contrari al buon costume\u201d<\/p>\n<p>La Corte ha rigettato il ricorso affermando che in una societ\u00e0 multietnica \u201cla convivenza tra soggetti di etnia diversa richiede necessariamente l\u2019identificazione di un nucleo comune in cui immigrati e societ\u00e0 di accoglienza si debbono riconoscere. Se l\u2019integrazione non impone l\u2019abbandono della cultura di origine, in consonanza con la previsione dell\u2019art. 2 Cost. che valorizza il pluralismo sociale, il limite invalicabile \u00e8 costituito dal rispetto dei diritti umani e della civilt\u00e0 giuridica della societ\u00e0 ospitante. \u00c8 quindi essenziale l\u2019obbligo, per l\u2019immigrato, di conformare i propri valori a quelli del mondo occidentale, in cui ha liberamente scelto di inserirsi, e di verificare preventivamente la compatibilit\u00e0 dei propri comportamenti con i principi che la regolano e quindi della liceit\u00e0 di essi in relazione all\u2019ordinamento giuridico che la disciplina. La decisione di stabilirsi in una societ\u00e0 in cui \u00e8 noto, e si ha consapevolezza, che i valori di riferimento sono diversi da quella di provenienza ne impone il rispetto e non \u00e8 tollerabile che l\u2019attaccamento ai propri valori, seppure leciti secondo le leggi vigenti nel paese di provenienza, porti alla violazione cosciente di quelli della societ\u00e0 ospitante. La societ\u00e0 multietnica \u00e8 una necessit\u00e0, ma non pu\u00f2 portare alla formazione di arcipelaghi culturali configgenti, a seconda delle etnie che la compongono, ostandovi l\u2019unicit\u00e0 del tessuto culturale e giuridico del nostro paese che individua la sicurezza pubblica come un bene da tutelare e, a tal fine, pone il divieto del porto di armi e di oggetti atti ad offendere\u201d.<\/p>\n<p>La Corte afferma che nessun ostacolo viene, in tal modo, posto alla libert\u00e0 di religione, al libero esercizio del culto e all\u2019osservanza dei riti che non si rivelino contrari al buon costume. Proprio la libert\u00e0 religiosa, garantita dall\u2019articolo 19 invocato, incontra dei limiti, stabiliti dalla legislazione in vista della tutela di altre esigenze, tra cui quelle della pacifica convivenza e della sicurezza, compendiate nella formula dell\u2019ordine pubblico.<\/p>\n<\/div><\/section>\n","protected":false},"excerpt":{"rendered":"","protected":false},"author":2,"featured_media":3428,"comment_status":"closed","ping_status":"closed","sticky":false,"template":"","format":"standard","meta":{"footnotes":""},"categories":[43,44],"tags":[],"class_list":["post-4175","post","type-post","status-publish","format-standard","has-post-thumbnail","hentry","category-home-en","category-penale-en"],"_links":{"self":[{"href":"https:\/\/www.ameco.it\/en\/wp-json\/wp\/v2\/posts\/4175","targetHints":{"allow":["GET"]}}],"collection":[{"href":"https:\/\/www.ameco.it\/en\/wp-json\/wp\/v2\/posts"}],"about":[{"href":"https:\/\/www.ameco.it\/en\/wp-json\/wp\/v2\/types\/post"}],"author":[{"embeddable":true,"href":"https:\/\/www.ameco.it\/en\/wp-json\/wp\/v2\/users\/2"}],"replies":[{"embeddable":true,"href":"https:\/\/www.ameco.it\/en\/wp-json\/wp\/v2\/comments?post=4175"}],"version-history":[{"count":2,"href":"https:\/\/www.ameco.it\/en\/wp-json\/wp\/v2\/posts\/4175\/revisions"}],"predecessor-version":[{"id":4632,"href":"https:\/\/www.ameco.it\/en\/wp-json\/wp\/v2\/posts\/4175\/revisions\/4632"}],"wp:featuredmedia":[{"embeddable":true,"href":"https:\/\/www.ameco.it\/en\/wp-json\/wp\/v2\/media\/3428"}],"wp:attachment":[{"href":"https:\/\/www.ameco.it\/en\/wp-json\/wp\/v2\/media?parent=4175"}],"wp:term":[{"taxonomy":"category","embeddable":true,"href":"https:\/\/www.ameco.it\/en\/wp-json\/wp\/v2\/categories?post=4175"},{"taxonomy":"post_tag","embeddable":true,"href":"https:\/\/www.ameco.it\/en\/wp-json\/wp\/v2\/tags?post=4175"}],"curies":[{"name":"wp","href":"https:\/\/api.w.org\/{rel}","templated":true}]}}